{"id":19031,"date":"2023-01-04T17:11:02","date_gmt":"2023-01-04T17:11:02","guid":{"rendered":"http:\/\/lahora.mx\/?p=19031"},"modified":"2023-01-04T17:11:03","modified_gmt":"2023-01-04T17:11:03","slug":"5-de-enero-sera-ultimo-dia-de-vacunacion-contra-covid-19-en-puebla","status":"publish","type":"post","link":"https:\/\/lahora.mx\/index.php\/2023\/01\/04\/5-de-enero-sera-ultimo-dia-de-vacunacion-contra-covid-19-en-puebla\/","title":{"rendered":"5 de enero ser\u00e1 \u00faltimo d\u00eda de vacunaci\u00f3n contra covid-19 en Puebla"},"content":{"rendered":"\n<p>Este jueves 5 de enero ser\u00e1 el \u00faltimo d\u00eda de la jornada para la aplicaci\u00f3n de vacuna contra Covid-19, por lo que la Secretar\u00eda de Salud contin\u00faa con el llamado a la ciudadan\u00eda tanto a su asistencia a la inoculaci\u00f3n como a acatar las medidas de prevenci\u00f3n.<\/p>\n\n\n\n<p>Jos\u00e9 Antonio Mart\u00ednez Garc\u00eda, titular de Salud en Puebla, revel\u00f3 que, durante la jornada de vacunaci\u00f3n comprendida del 27 de diciembre de 2022 hasta el d\u00eda de ma\u00f1ana, la participaci\u00f3n de las personas fue muy baja.<br>Lo anterior al aducir que la poblaci\u00f3n en general ya se siente confiada y no completan con el cuadro completo de vacunaci\u00f3n.<\/p>\n\n\n\n<p>En ese contexto, al d\u00eda de hoy se reportaron 36 personas hospitalizadas por covid-19, de los cuales una se encuentra con respiraci\u00f3n mec\u00e1nica.<\/p>\n\n\n\n<p>Hasta el cierre del 4 de enero se reportaron 146 nuevos casos positivos a SARS-Cov-2, sum\u00e1ndose a los mil 325 distribuidos en 48 municipios de la entidad. Con lo que la tasa de positividad al coronavirus se mantiene al alza con un 27 por ciento.<br>El horario para la inoculaci\u00f3n es de 8:00 a 15:00 horas y los grupos etarios a los que se les hace el llamado es:<\/p>\n\n\n\n<ul class=\"wp-block-list\">\n<li>5 a 11 a\u00f1os 11 meses: primera dosis de Pfizer<\/li>\n\n\n\n<li>18 en adelante: primera dosis de Abdala<\/li>\n\n\n\n<li>-18 a 59 a\u00f1os, adem\u00e1s de embarazadas a partir de 9 semanas de gestaci\u00f3n: primer refuerzo con Abdala<\/li>\n\n\n\n<li>60 a\u00f1os en adelante y personal de salud: primero y segundo refuerzo de Abdala<\/li>\n<\/ul>\n\n\n\n<p>Por decreto estatal es obligatorio el uso de cubrebocas, mascarilla o cubierta facial en espacios cerrados y al aire libre cuando la concentraci\u00f3n de personas sea de gran n\u00famero.<\/p>\n","protected":false},"excerpt":{"rendered":"<p>Este jueves 5 de enero ser\u00e1 el \u00faltimo d\u00eda de la jornada para la aplicaci\u00f3n de vacuna contra Covid-19, por lo que la Secretar\u00eda de Salud contin\u00faa con el llamado a la ciudadan\u00eda tanto a su asistencia a la inoculaci\u00f3n como a acatar las medidas de prevenci\u00f3n. Jos\u00e9 Antonio Mart\u00ednez Garc\u00eda, titular de Salud en [&hellip;]<\/p>\n","protected":false},"author":4,"featured_media":19032,"comment_status":"open","ping_status":"open","sticky":false,"template":"","format":"standard","meta":{"om_disable_all_campaigns":false,"_monsterinsights_skip_tracking":false,"_monsterinsights_sitenote_active":false,"_monsterinsights_sitenote_note":"","_monsterinsights_sitenote_category":0,"footnotes":""},"categories":[175],"tags":[223],"class_list":["post-19031","post","type-post","status-publish","format-standard","has-post-thumbnail","hentry","category-local","tag-puebla"],"amp_enabled":true,"_links":{"self":[{"href":"https:\/\/lahora.mx\/index.php\/wp-json\/wp\/v2\/posts\/19031","targetHints":{"allow":["GET"]}}],"collection":[{"href":"https:\/\/lahora.mx\/index.php\/wp-json\/wp\/v2\/posts"}],"about":[{"href":"https:\/\/lahora.mx\/index.php\/wp-json\/wp\/v2\/types\/post"}],"author":[{"embeddable":true,"href":"https:\/\/lahora.mx\/index.php\/wp-json\/wp\/v2\/users\/4"}],"replies":[{"embeddable":true,"href":"https:\/\/lahora.mx\/index.php\/wp-json\/wp\/v2\/comments?post=19031"}],"version-history":[{"count":1,"href":"https:\/\/lahora.mx\/index.php\/wp-json\/wp\/v2\/posts\/19031\/revisions"}],"predecessor-version":[{"id":19033,"href":"https:\/\/lahora.mx\/index.php\/wp-json\/wp\/v2\/posts\/19031\/revisions\/19033"}],"wp:featuredmedia":[{"embeddable":true,"href":"https:\/\/lahora.mx\/index.php\/wp-json\/wp\/v2\/media\/19032"}],"wp:attachment":[{"href":"https:\/\/lahora.mx\/index.php\/wp-json\/wp\/v2\/media?parent=19031"}],"wp:term":[{"taxonomy":"category","embeddable":true,"href":"https:\/\/lahora.mx\/index.php\/wp-json\/wp\/v2\/categories?post=19031"},{"taxonomy":"post_tag","embeddable":true,"href":"https:\/\/lahora.mx\/index.php\/wp-json\/wp\/v2\/tags?post=19031"}],"curies":[{"name":"wp","href":"https:\/\/api.w.org\/{rel}","templated":true}]}}