{"id":1903,"date":"2022-01-20T00:58:28","date_gmt":"2022-01-20T00:58:28","guid":{"rendered":"http:\/\/lahora.mx\/?p=1903"},"modified":"2022-01-20T00:58:28","modified_gmt":"2022-01-20T00:58:28","slug":"8-de-cada-10-personas-en-puebla-se-sienten-inseguras","status":"publish","type":"post","link":"https:\/\/lahora.mx\/index.php\/2022\/01\/20\/8-de-cada-10-personas-en-puebla-se-sienten-inseguras\/","title":{"rendered":"8 de cada 10 personas en Puebla se sienten inseguras"},"content":{"rendered":"<p>Al cerrar el a\u00f1o 2021 creci\u00f3 13 puntos porcentuales la\u00a0<strong>percepci\u00f3n de inseguridad en Puebla<\/strong>, pues la mayor\u00eda de la poblaci\u00f3n dijo sentirse en peligro, principalmente en\u00a0<strong>cajeros autom\u00e1ticos, el transporte p\u00fablico y sucursales bancarias.<\/strong><\/p>\n<p>La Encuesta Nacional de Seguridad P\u00fablica Urbana (ENSU), publicada este mi\u00e9rcoles por el Instituto Nacional de Estad\u00edstica y Geograf\u00eda (INEGI), revel\u00f3 que la ciudad de Puebla se ubic\u00f3 entre las 17 que a nivel nacional sufrieron \u201c<strong>un cambio significativo\u201d<\/strong>\u00a0en la percepci\u00f3n de inseguridad en\u00a0<strong>el \u00faltimo trimestre del 2021.<\/strong><\/p>\n<p>En septiembre el\u00a0<strong>68.8 por ciento<\/strong>\u00a0de la poblaci\u00f3n se sent\u00eda insegura en espacios p\u00fablicos, pero para diciembre aument\u00f3 a\u00a0<strong>81.9 por ciento.<\/strong><\/p>\n<p>Las personas tambi\u00e9n se sintieron inseguras en las calles que acostumbran a transitar, as\u00ed como en\u00a0<strong>mercados y parques<\/strong>, mientras que los lugares que consideraron m\u00e1s seguros son: su autom\u00f3vil<strong>, los centros comerciales, el trabajo, su casa y la escuela.<\/strong><\/p>\n<p>En el \u00faltimo trimestre del 2021 tambi\u00e9n aument\u00f3 el n\u00famero de\u00a0<strong>conflictos o delitos<\/strong> que padeci\u00f3 la poblaci\u00f3n.<br \/>\nEl 24.3 por ciento tuvo problemas con el consumo de alcohol en las calles,<strong>\u00a0robos o asaltos,\u00a0<\/strong>vandalismo, venta o consumo de drogas, disparos, pandillerismo, tomas irregulares de luz y<strong> robo o venta ilegal de combustible.\u00a0<\/strong>Aunado a eso, el 68.8 por ciento de los habitantes <strong>experiment\u00f3 actos de corrupci\u00f3n<\/strong>\u00a0<strong>con autoridades\u00a0<\/strong>por un hecho de tr\u00e1nsito, infracciones, detenciones, ri\u00f1as, faltas administrativas o a la moral.<\/p>\n<p>A nivel nacional las\u00a0<strong>ciudades con mayor percepci\u00f3n de inseguridad son:<\/strong> Fresnillo, Ciudad Obreg\u00f3n, Naucalpan de Ju\u00e1rez, Zacatecas, Irapuato y Uruapan.<br \/>\nPor el contrario, San Pedro Garza Garc\u00eda, Los Cabos, San Nicol\u00e1s de los Garza, Piedras Negras, Tampico y Puerto Vallarta, tuvieron la\u00a0<strong>menor percepci\u00f3n de inseguridad.<\/p>\n<p><\/strong>Fuente E-Consulta<\/p>\n","protected":false},"excerpt":{"rendered":"<p>Al cerrar el a\u00f1o 2021 creci\u00f3 13 puntos porcentuales la\u00a0percepci\u00f3n de inseguridad en Puebla, pues la mayor\u00eda de la poblaci\u00f3n dijo sentirse en peligro, principalmente en\u00a0cajeros autom\u00e1ticos, el transporte p\u00fablico y sucursales bancarias. La Encuesta Nacional de Seguridad P\u00fablica Urbana (ENSU), publicada este mi\u00e9rcoles por el Instituto Nacional de Estad\u00edstica y Geograf\u00eda (INEGI), revel\u00f3 que [&hellip;]<\/p>\n","protected":false},"author":4,"featured_media":1904,"comment_status":"open","ping_status":"open","sticky":false,"template":"","format":"standard","meta":{"om_disable_all_campaigns":false,"_monsterinsights_skip_tracking":false,"_monsterinsights_sitenote_active":false,"_monsterinsights_sitenote_note":"","_monsterinsights_sitenote_category":0,"footnotes":""},"categories":[175],"tags":[],"class_list":["post-1903","post","type-post","status-publish","format-standard","has-post-thumbnail","hentry","category-local"],"amp_enabled":true,"_links":{"self":[{"href":"https:\/\/lahora.mx\/index.php\/wp-json\/wp\/v2\/posts\/1903","targetHints":{"allow":["GET"]}}],"collection":[{"href":"https:\/\/lahora.mx\/index.php\/wp-json\/wp\/v2\/posts"}],"about":[{"href":"https:\/\/lahora.mx\/index.php\/wp-json\/wp\/v2\/types\/post"}],"author":[{"embeddable":true,"href":"https:\/\/lahora.mx\/index.php\/wp-json\/wp\/v2\/users\/4"}],"replies":[{"embeddable":true,"href":"https:\/\/lahora.mx\/index.php\/wp-json\/wp\/v2\/comments?post=1903"}],"version-history":[{"count":1,"href":"https:\/\/lahora.mx\/index.php\/wp-json\/wp\/v2\/posts\/1903\/revisions"}],"predecessor-version":[{"id":1905,"href":"https:\/\/lahora.mx\/index.php\/wp-json\/wp\/v2\/posts\/1903\/revisions\/1905"}],"wp:featuredmedia":[{"embeddable":true,"href":"https:\/\/lahora.mx\/index.php\/wp-json\/wp\/v2\/media\/1904"}],"wp:attachment":[{"href":"https:\/\/lahora.mx\/index.php\/wp-json\/wp\/v2\/media?parent=1903"}],"wp:term":[{"taxonomy":"category","embeddable":true,"href":"https:\/\/lahora.mx\/index.php\/wp-json\/wp\/v2\/categories?post=1903"},{"taxonomy":"post_tag","embeddable":true,"href":"https:\/\/lahora.mx\/index.php\/wp-json\/wp\/v2\/tags?post=1903"}],"curies":[{"name":"wp","href":"https:\/\/api.w.org\/{rel}","templated":true}]}}