{"id":19028,"date":"2023-01-04T16:38:39","date_gmt":"2023-01-04T16:38:39","guid":{"rendered":"http:\/\/lahora.mx\/?p=19028"},"modified":"2023-01-04T16:38:40","modified_gmt":"2023-01-04T16:38:40","slug":"nutriologa-desaparece-en-cuautlancingo","status":"publish","type":"post","link":"https:\/\/lahora.mx\/index.php\/2023\/01\/04\/nutriologa-desaparece-en-cuautlancingo\/","title":{"rendered":"Nutri\u00f3loga desaparece en Cuautlancingo"},"content":{"rendered":"\n<p>Familiares y amigos de Karla Estefan\u00eda Trejo Rosas piden apoyo de la ciudadan\u00eda para localizar a la joven, quien desapareci\u00f3 luego de salir de su vivienda rumbo a su trabajo en el municipio de Cuautlancingo.<\/p>\n\n\n\n<p>La joven se encuentra desaparecida desde el pasado 2 de enero de 2023. Karla Estefan\u00eda tiene 29 a\u00f1os de edad, es nutri\u00f3loga de profesi\u00f3n, egresada de la Universidad de Le\u00f3n.<br>Karla Estefan\u00eda sali\u00f3 de su domicilio durante la ma\u00f1ana del 2 de enero para \u00fanicamente cruzar la calle y dirigirse a su consultorio, ubicado en la plaza comercial enfrente del fraccionamiento Bosques Sanctorum, pero nunca lleg\u00f3.<\/p>\n\n\n\n<p>Los padres, al percatarse de que su hija no contestaba mensajes, ni llamadas, la buscaron en su consultorio, al percatarse de que nunca lleg\u00f3 de inmediato alertaron a las autoridades y levantaron la denuncia correspondiente ante la Fiscal\u00eda General de Justicia del Estado de Puebla (FGEP), quienes emitieron un bolet\u00edn de b\u00fasqueda de Karla Estefan\u00eda Trejo Rosas.<\/p>\n\n\n\n<p>A trav\u00e9s de redes sociales, familiares, amigos y vecinos de Karla Estefan\u00eda se han sumado a la b\u00fasqueda para compartir la ficha, con la esperanza de dar con el paradero de la joven originaria de Le\u00f3n, Guanajuato.<\/p>\n\n\n\n<p>Al momento de su desaparici\u00f3n, Karla Estefan\u00eda vest\u00eda una chamarra color verde olivo, pantal\u00f3n de mezclilla negro, mochila negra, usaba lentes de armaz\u00f3n rojo; como se\u00f1a particular, tiene un peque\u00f1o lunar debajo del ojo derecho y lunares en el cuello.<\/p>\n","protected":false},"excerpt":{"rendered":"<p>Familiares y amigos de Karla Estefan\u00eda Trejo Rosas piden apoyo de la ciudadan\u00eda para localizar a la joven, quien desapareci\u00f3 luego de salir de su vivienda rumbo a su trabajo en el municipio de Cuautlancingo. La joven se encuentra desaparecida desde el pasado 2 de enero de 2023. Karla Estefan\u00eda tiene 29 a\u00f1os de edad, [&hellip;]<\/p>\n","protected":false},"author":4,"featured_media":19029,"comment_status":"open","ping_status":"open","sticky":false,"template":"","format":"standard","meta":{"om_disable_all_campaigns":false,"_monsterinsights_skip_tracking":false,"_monsterinsights_sitenote_active":false,"_monsterinsights_sitenote_note":"","_monsterinsights_sitenote_category":0,"footnotes":""},"categories":[175],"tags":[195,223],"class_list":["post-19028","post","type-post","status-publish","format-standard","has-post-thumbnail","hentry","category-local","tag-principal","tag-puebla"],"amp_enabled":true,"_links":{"self":[{"href":"https:\/\/lahora.mx\/index.php\/wp-json\/wp\/v2\/posts\/19028","targetHints":{"allow":["GET"]}}],"collection":[{"href":"https:\/\/lahora.mx\/index.php\/wp-json\/wp\/v2\/posts"}],"about":[{"href":"https:\/\/lahora.mx\/index.php\/wp-json\/wp\/v2\/types\/post"}],"author":[{"embeddable":true,"href":"https:\/\/lahora.mx\/index.php\/wp-json\/wp\/v2\/users\/4"}],"replies":[{"embeddable":true,"href":"https:\/\/lahora.mx\/index.php\/wp-json\/wp\/v2\/comments?post=19028"}],"version-history":[{"count":1,"href":"https:\/\/lahora.mx\/index.php\/wp-json\/wp\/v2\/posts\/19028\/revisions"}],"predecessor-version":[{"id":19030,"href":"https:\/\/lahora.mx\/index.php\/wp-json\/wp\/v2\/posts\/19028\/revisions\/19030"}],"wp:featuredmedia":[{"embeddable":true,"href":"https:\/\/lahora.mx\/index.php\/wp-json\/wp\/v2\/media\/19029"}],"wp:attachment":[{"href":"https:\/\/lahora.mx\/index.php\/wp-json\/wp\/v2\/media?parent=19028"}],"wp:term":[{"taxonomy":"category","embeddable":true,"href":"https:\/\/lahora.mx\/index.php\/wp-json\/wp\/v2\/categories?post=19028"},{"taxonomy":"post_tag","embeddable":true,"href":"https:\/\/lahora.mx\/index.php\/wp-json\/wp\/v2\/tags?post=19028"}],"curies":[{"name":"wp","href":"https:\/\/api.w.org\/{rel}","templated":true}]}}