{"id":18991,"date":"2023-01-03T17:16:37","date_gmt":"2023-01-03T17:16:37","guid":{"rendered":"http:\/\/lahora.mx\/?p=18991"},"modified":"2023-01-03T17:16:38","modified_gmt":"2023-01-03T17:16:38","slug":"300-reos-son-trasladados-a-penales-federales-tras-motin-los-mexicles-en-ciudad-juarez","status":"publish","type":"post","link":"https:\/\/lahora.mx\/index.php\/2023\/01\/03\/300-reos-son-trasladados-a-penales-federales-tras-motin-los-mexicles-en-ciudad-juarez\/","title":{"rendered":"300 reos son trasladados a penales federales tras mot\u00edn &#8216;Los Mexicles&#8217; en Ciudad Ju\u00e1rez"},"content":{"rendered":"\n<p>Durante la madrugada, se realiz\u00f3 un operativo dentro del Centro de Reinserci\u00f3n Social N\u00famero 3 en Ciudad Ju\u00e1rez, para trasladar a reos a otros penales del pa\u00eds.<\/p>\n\n\n\n<p>Desde antes de la medianoche familiares de reos comenzaron a informar que al penal hab\u00edan ingresado varios camiones, ya que se presum\u00eda se realizar\u00eda el traslado.<\/p>\n\n\n\n<p>Para las 3:00 de la ma\u00f1ana, comenz\u00f3 el operativo que fue encabezado por diversas corporaciones policiacas entre ellas la Secretar\u00eda de Seguridad P\u00fablica Estatal (SSPE).<\/p>\n\n\n\n<p>De momento se habla de al menos 200 reos que fueron trasladados a otros penales, por lo cual se dice que fueron sacados del Cereso Estatal 3 para ser llevados al Aeropuerto Internacional Abraham Gonz\u00e1lez<\/p>\n\n\n\n<p>Para ello se mont\u00f3 un fuerte dispositivo de seguridad, ya que en la pista del aeropuerto hab\u00eda un avi\u00f3n federal que los llevar\u00eda a otros penales de otras partes del pa\u00eds durante esta ma\u00f1ana.<\/p>\n\n\n\n<p>Hasta el momento no se ha precisado la cifra, ni tampoco a d\u00f3nde fueron trasladados los reos del Cereso Estatal 3.<\/p>\n","protected":false},"excerpt":{"rendered":"<p>Durante la madrugada, se realiz\u00f3 un operativo dentro del Centro de Reinserci\u00f3n Social N\u00famero 3 en Ciudad Ju\u00e1rez, para trasladar a reos a otros penales del pa\u00eds. Desde antes de la medianoche familiares de reos comenzaron a informar que al penal hab\u00edan ingresado varios camiones, ya que se presum\u00eda se realizar\u00eda el traslado. Para las [&hellip;]<\/p>\n","protected":false},"author":4,"featured_media":18992,"comment_status":"open","ping_status":"open","sticky":false,"template":"","format":"standard","meta":{"om_disable_all_campaigns":false,"_monsterinsights_skip_tracking":false,"_monsterinsights_sitenote_active":false,"_monsterinsights_sitenote_note":"","_monsterinsights_sitenote_category":0,"footnotes":""},"categories":[176],"tags":[],"class_list":["post-18991","post","type-post","status-publish","format-standard","has-post-thumbnail","hentry","category-nacional"],"amp_enabled":true,"_links":{"self":[{"href":"https:\/\/lahora.mx\/index.php\/wp-json\/wp\/v2\/posts\/18991","targetHints":{"allow":["GET"]}}],"collection":[{"href":"https:\/\/lahora.mx\/index.php\/wp-json\/wp\/v2\/posts"}],"about":[{"href":"https:\/\/lahora.mx\/index.php\/wp-json\/wp\/v2\/types\/post"}],"author":[{"embeddable":true,"href":"https:\/\/lahora.mx\/index.php\/wp-json\/wp\/v2\/users\/4"}],"replies":[{"embeddable":true,"href":"https:\/\/lahora.mx\/index.php\/wp-json\/wp\/v2\/comments?post=18991"}],"version-history":[{"count":1,"href":"https:\/\/lahora.mx\/index.php\/wp-json\/wp\/v2\/posts\/18991\/revisions"}],"predecessor-version":[{"id":18993,"href":"https:\/\/lahora.mx\/index.php\/wp-json\/wp\/v2\/posts\/18991\/revisions\/18993"}],"wp:featuredmedia":[{"embeddable":true,"href":"https:\/\/lahora.mx\/index.php\/wp-json\/wp\/v2\/media\/18992"}],"wp:attachment":[{"href":"https:\/\/lahora.mx\/index.php\/wp-json\/wp\/v2\/media?parent=18991"}],"wp:term":[{"taxonomy":"category","embeddable":true,"href":"https:\/\/lahora.mx\/index.php\/wp-json\/wp\/v2\/categories?post=18991"},{"taxonomy":"post_tag","embeddable":true,"href":"https:\/\/lahora.mx\/index.php\/wp-json\/wp\/v2\/tags?post=18991"}],"curies":[{"name":"wp","href":"https:\/\/api.w.org\/{rel}","templated":true}]}}