{"id":1897,"date":"2022-01-19T23:42:31","date_gmt":"2022-01-19T23:42:31","guid":{"rendered":"http:\/\/lahora.mx\/?p=1897"},"modified":"2022-01-19T23:42:31","modified_gmt":"2022-01-19T23:42:31","slug":"lilia-cedillo-desea-exito-a-estudiantes-de-nuevo-ingreso-de-arpa","status":"publish","type":"post","link":"https:\/\/lahora.mx\/index.php\/2022\/01\/19\/lilia-cedillo-desea-exito-a-estudiantes-de-nuevo-ingreso-de-arpa\/","title":{"rendered":"Lilia Cedillo desea \u00e9xito a estudiantes de nuevo ingreso de ARPA"},"content":{"rendered":"<p>La\u00a0<strong>Benem\u00e9rita Universidad Aut\u00f3noma de Puebla\u00a0<\/strong>(BUAP) inform\u00f3 en un comunicado, que la rectora\u00a0<strong>Lilia Cedillo Ram\u00edrez\u00a0<\/strong>particip\u00f3 en la ceremonia virtual de bienvenida a los alumnos de la generaci\u00f3n Primavera 2022\u00a0 de la\u00a0<strong>Escuela de Artes Pl\u00e1sticas y Audiovisuales\u00a0<\/strong>(ARPA), que ingresaron a las licenciaturas que ofrece esta unidad acad\u00e9mica.<\/p>\n<p>Cedillo Ram\u00edrez dijo que la oferta acad\u00e9mica de la\u00a0<strong>ARPA\u00a0<\/strong>fue creada con la idea de impulsar la creatividad, vista como una necesidad social.<\/p>\n<p>El arte -dijo- es esencial para el ser humano, pues lo hace capaz de tocar las fibras m\u00e1s sensibles de otra persona con sus creaciones. \u201c<strong>El arte es una parte esencial que nos hace humanos y sensibles\u00a0<\/strong>a todo lo que nos rodea. Los que se dedican a esto tienen la capacidad de tocar a otro ser humano; esa cualidad no se da en todos, s\u00f3lo en algunos privilegiados y ustedes tienen justamente ese don\u201d.<\/p>\n<p>La rectora Lilia Cedillo asegur\u00f3 que los nuevos universitarios inscritos en las carreras de\u00a0<strong>Arte Digital, Artes Pl\u00e1sticas y Cinematograf\u00eda<\/strong>, que inician hoy con su preparaci\u00f3n profesional, enfrentar\u00e1n retos, asumir\u00e1n compromisos, pero tambi\u00e9n cosechar\u00e1n muchos \u00e9xitos.<\/p>\n<p>Por su parte, el director de ARPA,\u00a0<strong>V\u00edctor Alejandro Ruiz Ram\u00edrez<\/strong>, agradeci\u00f3 la presencia de la Rectora Lilia Cedillo Ram\u00edrez en la bienvenida virtual a los estudiantes, a quienes les record\u00f3 que su inter\u00e9s por la creaci\u00f3n art\u00edstica ha orientado sus pasos hacia la BUAP y ahora que est\u00e1n cursando sus materias en l\u00ednea, han encontrado otras formas para encauzar su experiencia est\u00e9tica, adem\u00e1s de la producci\u00f3n y la recepci\u00f3n de la obra.<\/p>\n<p>La Escuela de Artes Pl\u00e1sticas y Audiovisuales de la BUAP<strong>\u00a0es un espacio para la producci\u00f3n y la reflexi\u00f3n en torno a los fen\u00f3menos que vinculan al arte con la tecnolog\u00eda<\/strong>, donde se forman profesionales capaces de incidir en una transformaci\u00f3n positiva de la sociedad, a trav\u00e9s de proyectos pl\u00e1sticos, cinematogr\u00e1ficos, interactivos o animados.<\/p>\n","protected":false},"excerpt":{"rendered":"<p>La\u00a0Benem\u00e9rita Universidad Aut\u00f3noma de Puebla\u00a0(BUAP) inform\u00f3 en un comunicado, que la rectora\u00a0Lilia Cedillo Ram\u00edrez\u00a0particip\u00f3 en la ceremonia virtual de bienvenida a los alumnos de la generaci\u00f3n Primavera 2022\u00a0 de la\u00a0Escuela de Artes Pl\u00e1sticas y Audiovisuales\u00a0(ARPA), que ingresaron a las licenciaturas que ofrece esta unidad acad\u00e9mica. Cedillo Ram\u00edrez dijo que la oferta acad\u00e9mica de la\u00a0ARPA\u00a0fue creada [&hellip;]<\/p>\n","protected":false},"author":4,"featured_media":1898,"comment_status":"open","ping_status":"open","sticky":false,"template":"","format":"standard","meta":{"om_disable_all_campaigns":false,"_monsterinsights_skip_tracking":false,"_monsterinsights_sitenote_active":false,"_monsterinsights_sitenote_note":"","_monsterinsights_sitenote_category":0,"footnotes":""},"categories":[175],"tags":[],"class_list":["post-1897","post","type-post","status-publish","format-standard","has-post-thumbnail","hentry","category-local"],"amp_enabled":true,"_links":{"self":[{"href":"https:\/\/lahora.mx\/index.php\/wp-json\/wp\/v2\/posts\/1897","targetHints":{"allow":["GET"]}}],"collection":[{"href":"https:\/\/lahora.mx\/index.php\/wp-json\/wp\/v2\/posts"}],"about":[{"href":"https:\/\/lahora.mx\/index.php\/wp-json\/wp\/v2\/types\/post"}],"author":[{"embeddable":true,"href":"https:\/\/lahora.mx\/index.php\/wp-json\/wp\/v2\/users\/4"}],"replies":[{"embeddable":true,"href":"https:\/\/lahora.mx\/index.php\/wp-json\/wp\/v2\/comments?post=1897"}],"version-history":[{"count":1,"href":"https:\/\/lahora.mx\/index.php\/wp-json\/wp\/v2\/posts\/1897\/revisions"}],"predecessor-version":[{"id":1899,"href":"https:\/\/lahora.mx\/index.php\/wp-json\/wp\/v2\/posts\/1897\/revisions\/1899"}],"wp:featuredmedia":[{"embeddable":true,"href":"https:\/\/lahora.mx\/index.php\/wp-json\/wp\/v2\/media\/1898"}],"wp:attachment":[{"href":"https:\/\/lahora.mx\/index.php\/wp-json\/wp\/v2\/media?parent=1897"}],"wp:term":[{"taxonomy":"category","embeddable":true,"href":"https:\/\/lahora.mx\/index.php\/wp-json\/wp\/v2\/categories?post=1897"},{"taxonomy":"post_tag","embeddable":true,"href":"https:\/\/lahora.mx\/index.php\/wp-json\/wp\/v2\/tags?post=1897"}],"curies":[{"name":"wp","href":"https:\/\/api.w.org\/{rel}","templated":true}]}}