{"id":18967,"date":"2023-01-03T03:46:43","date_gmt":"2023-01-03T03:46:43","guid":{"rendered":"http:\/\/lahora.mx\/?p=18967"},"modified":"2023-01-03T03:46:44","modified_gmt":"2023-01-03T03:46:44","slug":"comparecencias-en-el-congreso-de-puebla-seran-en-enero-y-febrero","status":"publish","type":"post","link":"https:\/\/lahora.mx\/index.php\/2023\/01\/03\/comparecencias-en-el-congreso-de-puebla-seran-en-enero-y-febrero\/","title":{"rendered":"Comparecencias en el Congreso de Puebla ser\u00e1n en enero y febrero"},"content":{"rendered":"\n<p>Durante los primeros dos meses del 2023 ser\u00e1n las comparecencias de la glosa del informe de gobierno en el Congreso de Puebla.<\/p>\n\n\n\n<p>As\u00ed lo inform\u00f3 este 2 de enero, Eduardo Castillo L\u00f3pez, presidente de la Junta de Gobierno y Coordinaci\u00f3n Pol\u00edtica, quien particip\u00f3 en una actividad de voluntariado.<br>De acuerdo con el tambi\u00e9n coordinador de bancada del partido Movimiento Regeneraci\u00f3n Nacional (Morena), el calendario se definir\u00e1 en el grupo de trabajo con el aval de los liderazgos de otros partidos.<\/p>\n\n\n\n<p>\u00abAhorita este mes y tal vez, tentativamente el que viene, ser\u00e1n puras comparecencias de los secretarios y las secretarias del gabinete del Ejecutivo\u201d, dijo.<\/p>\n\n\n\n<p>En cuanto a los pendientes pr\u00f3ximos a resolver reconoci\u00f3 tambi\u00e9n la necesidad de acordar entre las fuerzas pol\u00edticas las reformas secundarias del Poder Judicial.<\/p>\n\n\n\n<p>Estas son la Ley de Carrera Judicial del Estado, la Ley Org\u00e1nica de la Defensor\u00eda P\u00fablica del Estado, la Ley de Mecanismos Alternativos de Soluci\u00f3n de Controversia del Estado y la Ley Reglamentaria de los Medios de Defensa de la Constituci\u00f3n del Estado.<\/p>\n\n\n\n<p>Destaca Congreso de Puebla por falta de iniciativas en San L\u00e1zaro<br>congreso de la union<br>Asimismo, Castillo L\u00f3pez mencion\u00f3 la ley que busca sancionar la contrataci\u00f3n de polic\u00edas municipales sin certificaciones y que se retras\u00f3 por la ampliaci\u00f3n de plazos del gobierno federal para expedir los documentos.<\/p>\n","protected":false},"excerpt":{"rendered":"<p>Durante los primeros dos meses del 2023 ser\u00e1n las comparecencias de la glosa del informe de gobierno en el Congreso de Puebla. As\u00ed lo inform\u00f3 este 2 de enero, Eduardo Castillo L\u00f3pez, presidente de la Junta de Gobierno y Coordinaci\u00f3n Pol\u00edtica, quien particip\u00f3 en una actividad de voluntariado.De acuerdo con el tambi\u00e9n coordinador de bancada [&hellip;]<\/p>\n","protected":false},"author":4,"featured_media":18968,"comment_status":"open","ping_status":"open","sticky":false,"template":"","format":"standard","meta":{"om_disable_all_campaigns":false,"_monsterinsights_skip_tracking":false,"_monsterinsights_sitenote_active":false,"_monsterinsights_sitenote_note":"","_monsterinsights_sitenote_category":0,"footnotes":""},"categories":[175],"tags":[223],"class_list":["post-18967","post","type-post","status-publish","format-standard","has-post-thumbnail","hentry","category-local","tag-puebla"],"amp_enabled":true,"_links":{"self":[{"href":"https:\/\/lahora.mx\/index.php\/wp-json\/wp\/v2\/posts\/18967","targetHints":{"allow":["GET"]}}],"collection":[{"href":"https:\/\/lahora.mx\/index.php\/wp-json\/wp\/v2\/posts"}],"about":[{"href":"https:\/\/lahora.mx\/index.php\/wp-json\/wp\/v2\/types\/post"}],"author":[{"embeddable":true,"href":"https:\/\/lahora.mx\/index.php\/wp-json\/wp\/v2\/users\/4"}],"replies":[{"embeddable":true,"href":"https:\/\/lahora.mx\/index.php\/wp-json\/wp\/v2\/comments?post=18967"}],"version-history":[{"count":1,"href":"https:\/\/lahora.mx\/index.php\/wp-json\/wp\/v2\/posts\/18967\/revisions"}],"predecessor-version":[{"id":18969,"href":"https:\/\/lahora.mx\/index.php\/wp-json\/wp\/v2\/posts\/18967\/revisions\/18969"}],"wp:featuredmedia":[{"embeddable":true,"href":"https:\/\/lahora.mx\/index.php\/wp-json\/wp\/v2\/media\/18968"}],"wp:attachment":[{"href":"https:\/\/lahora.mx\/index.php\/wp-json\/wp\/v2\/media?parent=18967"}],"wp:term":[{"taxonomy":"category","embeddable":true,"href":"https:\/\/lahora.mx\/index.php\/wp-json\/wp\/v2\/categories?post=18967"},{"taxonomy":"post_tag","embeddable":true,"href":"https:\/\/lahora.mx\/index.php\/wp-json\/wp\/v2\/tags?post=18967"}],"curies":[{"name":"wp","href":"https:\/\/api.w.org\/{rel}","templated":true}]}}