{"id":18961,"date":"2023-01-03T01:43:44","date_gmt":"2023-01-03T01:43:44","guid":{"rendered":"http:\/\/lahora.mx\/?p=18961"},"modified":"2023-01-03T01:43:45","modified_gmt":"2023-01-03T01:43:45","slug":"renuncia-alcalde-de-hueytamalco","status":"publish","type":"post","link":"https:\/\/lahora.mx\/index.php\/2023\/01\/03\/renuncia-alcalde-de-hueytamalco\/","title":{"rendered":"Renuncia alcalde de Hueytamalco"},"content":{"rendered":"\n<p>Joaqu\u00edn de la Rosa, presidente municipal de Hueytamalco, Puebla, anunci\u00f3 durante el mediod\u00eda de este lunes 2 de enero que abandona su cargo.<\/p>\n\n\n\n<p>De acuerdo con un comunicado publicado en la p\u00e1gina de Facebook del gobierno de Hueytamalco, la separaci\u00f3n de Joaqu\u00edn de la Rosa como presidente municipal obedece a motivos de salud.<\/p>\n\n\n\n<p>Se se\u00f1al\u00f3 que el 31 de diciembre de 2022 en sesi\u00f3n extraordinaria de Cabildo se aprob\u00f3 que Joaqu\u00edn De la Rosa se separara de la presidencia por tiempo indefinido.<\/p>\n\n\n\n<p>Durante diciembre hubo cinco ejecuciones en Hueytamalco, dos asesinatos aislados en los primeros d\u00edas del mes y un ataque m\u00faltiple contra tres mujeres en el bar \u201cEl Guayabal\u201d, establecimiento cercano a una gasolinera propiedad el edil.<br>Juan Reyes, de 40 a\u00f1os de edad, conocido como \u201cEl Mecuas\u201d, fuera asesinado el 6 de diciembre en una gasolinera propiedad del edil; la madrugada del 5 de diciembre sujetos armados llegaron a un domicilio, de la calle 5 de Mayo, propiedad de H\u00e9ctor L\u00f3pez, alias \u201cEl Pel\u00f3n\u201d, y abrieron fuego.<\/p>\n\n\n\n<p>El 3 de diciembre, afuera de un restaurante fue asesinado un hombre que iba saliendo del lugar.<\/p>\n\n\n\n<p>En sesi\u00f3n extraordinaria de Cabildo se llam\u00f3 a Rafael Platas Dom\u00ednguez, para que en su car\u00e1cter de presidente suplente asuma la responsabilidad de presidente municipal sustituto, y as\u00ed quede al frente de la administraci\u00f3n p\u00fablica de Hueytamalco a partir del 1 de enero de 2023.<\/p>\n\n\n\n<p>El secretario general del ayuntamiento, Rodrigo P\u00e9rez Vega, confirm\u00f3 este lunes en entrevista otorgada a un medio local que Joaqu\u00edn De la Rosa dej\u00f3 el cargo y reiter\u00f3 el compromiso de seguir trabajando de manera conjunta y coordinada con los tres niveles de gobierno.<\/p>\n\n\n\n<p>Cuestionado sobre la situaci\u00f3n que se vive en el municipio en materia de seguridad asegur\u00f3 que los hechos delictivos registrados en Hueytamalco fueron hechos aislados y que esto no obedece a la renuncia del ahora ex presidente municipal.<\/p>\n\n\n\n<p>Aunque no ahondaron en el estado de salud en que se encuentra el ex edil, Joaqu\u00edn de la Rosa realiz\u00f3 algunas inauguraciones de obras hasta el d\u00eda 31 de enero.<\/p>\n\n\n\n<p>\u201cLo podemos precisar, que todo el Cabildo desde el mes de junio tiene conocimiento, el presidente le manifest\u00f3 que dada la prescripci\u00f3n m\u00e9dica del especialista que lo est\u00e1 tratando, requer\u00eda separarse por un tiempo para atender su tratamiento\u00bb, indic\u00f3 P\u00e9rez Vega.<\/p>\n","protected":false},"excerpt":{"rendered":"<p>Joaqu\u00edn de la Rosa, presidente municipal de Hueytamalco, Puebla, anunci\u00f3 durante el mediod\u00eda de este lunes 2 de enero que abandona su cargo. De acuerdo con un comunicado publicado en la p\u00e1gina de Facebook del gobierno de Hueytamalco, la separaci\u00f3n de Joaqu\u00edn de la Rosa como presidente municipal obedece a motivos de salud. Se se\u00f1al\u00f3 [&hellip;]<\/p>\n","protected":false},"author":4,"featured_media":18962,"comment_status":"open","ping_status":"open","sticky":false,"template":"","format":"standard","meta":{"om_disable_all_campaigns":false,"_monsterinsights_skip_tracking":false,"_monsterinsights_sitenote_active":false,"_monsterinsights_sitenote_note":"","_monsterinsights_sitenote_category":0,"footnotes":""},"categories":[175],"tags":[223],"class_list":["post-18961","post","type-post","status-publish","format-standard","has-post-thumbnail","hentry","category-local","tag-puebla"],"amp_enabled":true,"_links":{"self":[{"href":"https:\/\/lahora.mx\/index.php\/wp-json\/wp\/v2\/posts\/18961","targetHints":{"allow":["GET"]}}],"collection":[{"href":"https:\/\/lahora.mx\/index.php\/wp-json\/wp\/v2\/posts"}],"about":[{"href":"https:\/\/lahora.mx\/index.php\/wp-json\/wp\/v2\/types\/post"}],"author":[{"embeddable":true,"href":"https:\/\/lahora.mx\/index.php\/wp-json\/wp\/v2\/users\/4"}],"replies":[{"embeddable":true,"href":"https:\/\/lahora.mx\/index.php\/wp-json\/wp\/v2\/comments?post=18961"}],"version-history":[{"count":1,"href":"https:\/\/lahora.mx\/index.php\/wp-json\/wp\/v2\/posts\/18961\/revisions"}],"predecessor-version":[{"id":18963,"href":"https:\/\/lahora.mx\/index.php\/wp-json\/wp\/v2\/posts\/18961\/revisions\/18963"}],"wp:featuredmedia":[{"embeddable":true,"href":"https:\/\/lahora.mx\/index.php\/wp-json\/wp\/v2\/media\/18962"}],"wp:attachment":[{"href":"https:\/\/lahora.mx\/index.php\/wp-json\/wp\/v2\/media?parent=18961"}],"wp:term":[{"taxonomy":"category","embeddable":true,"href":"https:\/\/lahora.mx\/index.php\/wp-json\/wp\/v2\/categories?post=18961"},{"taxonomy":"post_tag","embeddable":true,"href":"https:\/\/lahora.mx\/index.php\/wp-json\/wp\/v2\/tags?post=18961"}],"curies":[{"name":"wp","href":"https:\/\/api.w.org\/{rel}","templated":true}]}}