{"id":18951,"date":"2023-01-03T01:34:20","date_gmt":"2023-01-03T01:34:20","guid":{"rendered":"http:\/\/lahora.mx\/?p=18951"},"modified":"2023-01-03T01:34:39","modified_gmt":"2023-01-03T01:34:39","slug":"pide-sergio-salomon-disposicion-para-esclarecer-muerte-a-manos-de-policias-municipales","status":"publish","type":"post","link":"https:\/\/lahora.mx\/index.php\/2023\/01\/03\/pide-sergio-salomon-disposicion-para-esclarecer-muerte-a-manos-de-policias-municipales\/","title":{"rendered":"Pide Sergio Salom\u00f3n esclarecer muerte a manos de polic\u00edas municipales"},"content":{"rendered":"\n<p>El gobernador, Sergio Salom\u00f3n C\u00e9spedes Peregrina, pidi\u00f3 disposici\u00f3n del Ayuntamiento de Puebla para esclarecer el asesinato de una persona, en hechos que involucraron a polic\u00edas municipales, adem\u00e1s de solicitar que se finquen responsabilidades, de ser necesario, contra mandos medios y altos.<\/p>\n\n\n\n<p>Durante su conferencia de prensa, tambi\u00e9n llam\u00f3 a revisar el uso de la fuerza que utiliza la corporaci\u00f3n, con el objetivo de que no se repita una situaci\u00f3n de este tipo.<\/p>\n\n\n\n<p>\u201cTienen que ir a las \u00faltimas consecuencias y castigar a los responsables, y si en este aspecto tiene que aplicarse el tema de c\u00f3mo se us\u00f3 la fuerza, tendr\u00e1 que ver c\u00f3mo est\u00e1 regulado y ver qu\u00e9 mando alcanza. Yo espero que haya disposici\u00f3n total de que se pueda esclarecer (\u2026) Si hay responsabilidades en mando medios y altos, que se aplique con mucha puntualidad\u201d.<\/p>\n\n\n\n<p>C\u00e9spedes Peregrina lament\u00f3 los hechos ocurridos la madrugada del 24 de diciembre en la colonia Reforma Sur, por los que est\u00e1n detenidos cuatro uniformados identificados como Miguel \u00c1ngel N., Guadalupe Antonio N., Arturo N. y Sergio N., quienes se encuentran en el penal de San Miguel tras haber sido vinculados a proceso.<\/p>\n\n\n\n<p>El mandatario poblano confi\u00f3 en que las 24 personas detenidas por agredir a polic\u00edas municipales y estatales en Huejotzingo, no vayan a ser sancionados por una falta menor.<\/p>\n\n\n\n<p>Los uniformados fueron atacados por habitantes, cuando quisieron evitar una \u201cguerra\u201d de cohetones, lo que habr\u00eda dejado 28 heridos entre sus filas.<\/p>\n","protected":false},"excerpt":{"rendered":"<p>El gobernador, Sergio Salom\u00f3n C\u00e9spedes Peregrina, pidi\u00f3 disposici\u00f3n del Ayuntamiento de Puebla para esclarecer el asesinato de una persona, en hechos que involucraron a polic\u00edas municipales, adem\u00e1s de solicitar que se finquen responsabilidades, de ser necesario, contra mandos medios y altos. Durante su conferencia de prensa, tambi\u00e9n llam\u00f3 a revisar el uso de la fuerza [&hellip;]<\/p>\n","protected":false},"author":4,"featured_media":18952,"comment_status":"open","ping_status":"open","sticky":false,"template":"","format":"standard","meta":{"om_disable_all_campaigns":false,"_monsterinsights_skip_tracking":false,"_monsterinsights_sitenote_active":false,"_monsterinsights_sitenote_note":"","_monsterinsights_sitenote_category":0,"footnotes":""},"categories":[175],"tags":[223],"class_list":["post-18951","post","type-post","status-publish","format-standard","has-post-thumbnail","hentry","category-local","tag-puebla"],"amp_enabled":true,"_links":{"self":[{"href":"https:\/\/lahora.mx\/index.php\/wp-json\/wp\/v2\/posts\/18951","targetHints":{"allow":["GET"]}}],"collection":[{"href":"https:\/\/lahora.mx\/index.php\/wp-json\/wp\/v2\/posts"}],"about":[{"href":"https:\/\/lahora.mx\/index.php\/wp-json\/wp\/v2\/types\/post"}],"author":[{"embeddable":true,"href":"https:\/\/lahora.mx\/index.php\/wp-json\/wp\/v2\/users\/4"}],"replies":[{"embeddable":true,"href":"https:\/\/lahora.mx\/index.php\/wp-json\/wp\/v2\/comments?post=18951"}],"version-history":[{"count":2,"href":"https:\/\/lahora.mx\/index.php\/wp-json\/wp\/v2\/posts\/18951\/revisions"}],"predecessor-version":[{"id":18954,"href":"https:\/\/lahora.mx\/index.php\/wp-json\/wp\/v2\/posts\/18951\/revisions\/18954"}],"wp:featuredmedia":[{"embeddable":true,"href":"https:\/\/lahora.mx\/index.php\/wp-json\/wp\/v2\/media\/18952"}],"wp:attachment":[{"href":"https:\/\/lahora.mx\/index.php\/wp-json\/wp\/v2\/media?parent=18951"}],"wp:term":[{"taxonomy":"category","embeddable":true,"href":"https:\/\/lahora.mx\/index.php\/wp-json\/wp\/v2\/categories?post=18951"},{"taxonomy":"post_tag","embeddable":true,"href":"https:\/\/lahora.mx\/index.php\/wp-json\/wp\/v2\/tags?post=18951"}],"curies":[{"name":"wp","href":"https:\/\/api.w.org\/{rel}","templated":true}]}}