{"id":18945,"date":"2023-01-03T01:30:16","date_gmt":"2023-01-03T01:30:16","guid":{"rendered":"http:\/\/lahora.mx\/?p=18945"},"modified":"2023-01-03T01:30:16","modified_gmt":"2023-01-03T01:30:16","slug":"norma-lucia-pina-hernandez-la-nueva-presidenta-de-la-corte","status":"publish","type":"post","link":"https:\/\/lahora.mx\/index.php\/2023\/01\/03\/norma-lucia-pina-hernandez-la-nueva-presidenta-de-la-corte\/","title":{"rendered":"Norma Luc\u00eda Pi\u00f1a Hern\u00e1ndez la nueva presidenta de la Corte"},"content":{"rendered":"\n<p class=\"wp-block-paragraph\">Norma Luc\u00eda Pi\u00f1a Hern\u00e1ndez es la nueva y primera mujer presidenta de la Suprema Corte de Justicia de la Naci\u00f3n (SCJN).<\/p>\n\n\n\n<p class=\"wp-block-paragraph\">La nueva ministra obtuvo 6 votos de sus compa\u00f1eros ministros, ganando por un voto de diferencia al ministro Alfredo Guti\u00e9rrez Ortiz Mena.<\/p>\n\n\n\n<p class=\"wp-block-paragraph\">En tercera ronda de votaci\u00f3n, la ministra Norma Luc\u00eda Pi\u00f1a Hern\u00e1ndez se convirti\u00f3 en la primera mujer en ser designada presidenta en la historia de la Suprema Corte de Justicia de la Naci\u00f3n, para los pr\u00f3ximos cuatro a\u00f1os.<\/p>\n\n\n\n<p class=\"wp-block-paragraph\">Al anunciarse la mayor\u00eda de votos, la ministra tom\u00f3 protesta del cargo y afirm\u00f3 que las mujeres se colocar\u00e1n por primera vez en el centro del pleno del m\u00e1ximo tribunal de justicia.<\/p>\n\n\n\n<p class=\"wp-block-paragraph\">\u00abRepresento a los ministros, pero tambi\u00e9n represento a las mujeres porque soy la primera mujer presidenta de la Corte\u00bb, declar\u00f3 Norma Luc\u00eda Pi\u00f1a.<\/p>\n\n\n\n<p class=\"wp-block-paragraph\">Dijo que asume la m\u00e1xima responsabilidad consciente de su responsabilidad y ofreci\u00f3 una representaci\u00f3n forjada en lo que ha sido como jurista.<\/p>\n\n\n\n<p class=\"wp-block-paragraph\">\u201cNi victoriosa ni triunfante\u201d<br>La ministra Yasm\u00edn Esquivel Mossa, se\u00f1alada de plagio, qued\u00f3 eliminada en la segunda ronda de votaci\u00f3n al no alcanzar el apoyo necesario de sus compa\u00f1eros del pleno.<\/p>\n\n\n\n<p class=\"wp-block-paragraph\">\u201cNi victoriosa ni triunfante\u201d, la nueva presidenta Norma Luc\u00eda Pi\u00f1a Hern\u00e1ndez se dirigi\u00f3 al pleno despu\u00e9s de rendir protesta ante el pleno del m\u00e1ximo tribunal.<\/p>\n\n\n\n<p class=\"wp-block-paragraph\">En su mensaje, Pi\u00f1a Hern\u00e1ndez se dijo honrada, comprometida, responsabilizada y obligada jur\u00eddica y moralmente a responsabilizar al Poder Judicial de la Federaci\u00f3n \u201ccon convicci\u00f3n y entrega, con pasi\u00f3n y honestidad como lo he intentado hacer los \u00faltimos 34 a\u00f1os de vida al interior de esta gran instituci\u00f3n a la que tanto le debo y la que tanto quiero\u201d.<\/p>\n\n\n\n<p class=\"wp-block-paragraph\">\u00abMe siento acompa\u00f1ada y acuerpada por las mujeres, me siento muy fuerte\u00bb, dice Norma Luc\u00eda Pi\u00f1a, la primera ministra presidenta de la Corte.<\/p>\n\n\n\n<p class=\"wp-block-paragraph\">Este es el proyecto que plante\u00f3 para contender por la presidencia de la Corte. Puedes consultarlo completo aqu\u00ed.<\/p>\n\n\n\n<p class=\"wp-block-paragraph\">La ministra Yasm\u00edn Esquivel, envuelta en pol\u00e9mica por el plagio o supuesto plagio de su tesis, no pas\u00f3 de la primera ronda.<\/p>\n","protected":false},"excerpt":{"rendered":"<p>Norma Luc\u00eda Pi\u00f1a Hern\u00e1ndez es la nueva y primera mujer presidenta de la Suprema Corte de Justicia de la Naci\u00f3n (SCJN). La nueva ministra obtuvo 6 votos de sus compa\u00f1eros ministros, ganando por un voto de diferencia al ministro Alfredo Guti\u00e9rrez Ortiz Mena. En tercera ronda de votaci\u00f3n, la ministra Norma Luc\u00eda Pi\u00f1a Hern\u00e1ndez se [&hellip;]<\/p>\n","protected":false},"author":4,"featured_media":18946,"comment_status":"open","ping_status":"open","sticky":false,"template":"","format":"standard","meta":{"om_disable_all_campaigns":false,"_monsterinsights_skip_tracking":false,"_monsterinsights_sitenote_active":false,"_monsterinsights_sitenote_note":"","_monsterinsights_sitenote_category":0,"footnotes":""},"categories":[176],"tags":[195],"class_list":["post-18945","post","type-post","status-publish","format-standard","has-post-thumbnail","hentry","category-nacional","tag-principal"],"amp_enabled":true,"_links":{"self":[{"href":"https:\/\/lahora.mx\/index.php\/wp-json\/wp\/v2\/posts\/18945","targetHints":{"allow":["GET"]}}],"collection":[{"href":"https:\/\/lahora.mx\/index.php\/wp-json\/wp\/v2\/posts"}],"about":[{"href":"https:\/\/lahora.mx\/index.php\/wp-json\/wp\/v2\/types\/post"}],"author":[{"embeddable":true,"href":"https:\/\/lahora.mx\/index.php\/wp-json\/wp\/v2\/users\/4"}],"replies":[{"embeddable":true,"href":"https:\/\/lahora.mx\/index.php\/wp-json\/wp\/v2\/comments?post=18945"}],"version-history":[{"count":1,"href":"https:\/\/lahora.mx\/index.php\/wp-json\/wp\/v2\/posts\/18945\/revisions"}],"predecessor-version":[{"id":18947,"href":"https:\/\/lahora.mx\/index.php\/wp-json\/wp\/v2\/posts\/18945\/revisions\/18947"}],"wp:featuredmedia":[{"embeddable":true,"href":"https:\/\/lahora.mx\/index.php\/wp-json\/wp\/v2\/media\/18946"}],"wp:attachment":[{"href":"https:\/\/lahora.mx\/index.php\/wp-json\/wp\/v2\/media?parent=18945"}],"wp:term":[{"taxonomy":"category","embeddable":true,"href":"https:\/\/lahora.mx\/index.php\/wp-json\/wp\/v2\/categories?post=18945"},{"taxonomy":"post_tag","embeddable":true,"href":"https:\/\/lahora.mx\/index.php\/wp-json\/wp\/v2\/tags?post=18945"}],"curies":[{"name":"wp","href":"https:\/\/api.w.org\/{rel}","templated":true}]}}