{"id":18933,"date":"2023-01-02T18:18:16","date_gmt":"2023-01-02T18:18:16","guid":{"rendered":"http:\/\/lahora.mx\/?p=18933"},"modified":"2023-01-02T18:18:16","modified_gmt":"2023-01-02T18:18:16","slug":"verificacion-puebla-estas-son-las-fecha-de-operativos-contra-transporte-publico","status":"publish","type":"post","link":"https:\/\/lahora.mx\/index.php\/2023\/01\/02\/verificacion-puebla-estas-son-las-fecha-de-operativos-contra-transporte-publico\/","title":{"rendered":"Verificaci\u00f3n Puebla:  estas son las fecha de operativos contra transporte p\u00fablico"},"content":{"rendered":"\n<p>Luego de 10 semanas de estar vigente el proceso de verificaci\u00f3n vehicular en Puebla para el transporte p\u00fablico, la Secretar\u00eda de Movilidad y Transporte estatal iniciar\u00e1 los operativos de revisi\u00f3n de documentos en 15 d\u00edas m\u00e1s, es decir, habr\u00e1 una pr\u00f3rroga para que los concesionarios que a\u00fan no cumplen con el tramite pongan sus papeles en regla.<\/p>\n\n\n\n<p>Fue la titular de la dependencia, Elsa Bracamonte, quien durante la conferencia ma\u00f1anera del gobernador Sergio Salom\u00f3n C\u00e9spedes, inform\u00f3 sobre la medida, que detall\u00f3, en un principio solo contemplar\u00e1 multas.<\/p>\n\n\n\n<p>\u201cLos 15 d\u00edas que se dar\u00e1n es para que logren, los que no cumplieron, cumplir, sabemos que es poco tiempo, pero ya tuvieron anteriormente 10 semanas, casi dos meses y un poquito m\u00e1s, en ese sentido\u2026 les daremos 15 d\u00edas de plazo para que puedan llevar a cabo la verificaci\u00f3n, en donde ya hay centros de verificaci\u00f3n y no verificaron en los tiempos y plazos que se dieron, no detendremos los veh\u00edculos, pero si se tendr\u00e1 multa\u201d, afirm\u00f3 la funcionaria estatal.<\/p>\n\n\n\n<p>De igual forma Bracamonte se\u00f1al\u00f3 que una vez cumplido con el plazo, entonces s\u00ed, iniciar\u00e1 el retiro de unidades del transporte p\u00fablico que no haya cumplido con la verificaci\u00f3n vehicular en Puebla.<br>\u201cNosotros en nuestras verificaciones normales que se hacen empezaremos a retirar las unidades sobre todo las que contaminan, que es evidente que contaminan\u201d.<\/p>\n\n\n\n<p>Por su parte el gobernador C\u00e9spedes llam\u00f3 a los concesionarios del transporte p\u00fablico a cumplir con lo establecido en la ley al tiempo que garantiz\u00f3 que los operativos ser\u00e1n apegados a derecho.<\/p>\n\n\n\n<p>\u201cEstar\u00e1n involucrados no solo la gente de Seguridad, la gente de Medio Ambiente, estar\u00e1 involucrado movilidad y buscaremos que est\u00e9 la Funci\u00f3n P\u00fablica para dar certeza a los ciudadanos, esto permitir\u00e1 que estos operativos sean muy agiles, muy transparentes, entendiendo que no buscamos una medida recaudatoria, sino una media de cuidado al medio ambiente\u201d.<\/p>\n\n\n\n<p>Finalmente, la secretaria de Movilidad, Elsa Bracamontes, puntualiz\u00f3 que tras el retiro de unidades del transporte p\u00fablico que hayan incumplido con la verificaci\u00f3n vehicular en Puebla, el gobierno estatal est\u00e1 preparado para evitar inconvenientes a los usuarios, pues se\u00f1al\u00f3 que el parque es de 36 mil autos.<\/p>\n","protected":false},"excerpt":{"rendered":"<p>Luego de 10 semanas de estar vigente el proceso de verificaci\u00f3n vehicular en Puebla para el transporte p\u00fablico, la Secretar\u00eda de Movilidad y Transporte estatal iniciar\u00e1 los operativos de revisi\u00f3n de documentos en 15 d\u00edas m\u00e1s, es decir, habr\u00e1 una pr\u00f3rroga para que los concesionarios que a\u00fan no cumplen con el tramite pongan sus papeles [&hellip;]<\/p>\n","protected":false},"author":4,"featured_media":18934,"comment_status":"open","ping_status":"open","sticky":false,"template":"","format":"standard","meta":{"om_disable_all_campaigns":false,"_monsterinsights_skip_tracking":false,"_monsterinsights_sitenote_active":false,"_monsterinsights_sitenote_note":"","_monsterinsights_sitenote_category":0,"footnotes":""},"categories":[175],"tags":[195,223],"class_list":["post-18933","post","type-post","status-publish","format-standard","has-post-thumbnail","hentry","category-local","tag-principal","tag-puebla"],"amp_enabled":true,"_links":{"self":[{"href":"https:\/\/lahora.mx\/index.php\/wp-json\/wp\/v2\/posts\/18933","targetHints":{"allow":["GET"]}}],"collection":[{"href":"https:\/\/lahora.mx\/index.php\/wp-json\/wp\/v2\/posts"}],"about":[{"href":"https:\/\/lahora.mx\/index.php\/wp-json\/wp\/v2\/types\/post"}],"author":[{"embeddable":true,"href":"https:\/\/lahora.mx\/index.php\/wp-json\/wp\/v2\/users\/4"}],"replies":[{"embeddable":true,"href":"https:\/\/lahora.mx\/index.php\/wp-json\/wp\/v2\/comments?post=18933"}],"version-history":[{"count":1,"href":"https:\/\/lahora.mx\/index.php\/wp-json\/wp\/v2\/posts\/18933\/revisions"}],"predecessor-version":[{"id":18935,"href":"https:\/\/lahora.mx\/index.php\/wp-json\/wp\/v2\/posts\/18933\/revisions\/18935"}],"wp:featuredmedia":[{"embeddable":true,"href":"https:\/\/lahora.mx\/index.php\/wp-json\/wp\/v2\/media\/18934"}],"wp:attachment":[{"href":"https:\/\/lahora.mx\/index.php\/wp-json\/wp\/v2\/media?parent=18933"}],"wp:term":[{"taxonomy":"category","embeddable":true,"href":"https:\/\/lahora.mx\/index.php\/wp-json\/wp\/v2\/categories?post=18933"},{"taxonomy":"post_tag","embeddable":true,"href":"https:\/\/lahora.mx\/index.php\/wp-json\/wp\/v2\/tags?post=18933"}],"curies":[{"name":"wp","href":"https:\/\/api.w.org\/{rel}","templated":true}]}}