{"id":18930,"date":"2023-01-02T18:11:42","date_gmt":"2023-01-02T18:11:42","guid":{"rendered":"http:\/\/lahora.mx\/?p=18930"},"modified":"2023-01-02T18:11:43","modified_gmt":"2023-01-02T18:11:43","slug":"un-cadaver-calcinado-es-hallado-en-la-cajuela-de-un-auto-en-puebla","status":"publish","type":"post","link":"https:\/\/lahora.mx\/index.php\/2023\/01\/02\/un-cadaver-calcinado-es-hallado-en-la-cajuela-de-un-auto-en-puebla\/","title":{"rendered":"Un cad\u00e1ver calcinado es hallado en la cajuela de un auto en Puebla"},"content":{"rendered":"\n<p>Dentro de la cajuela de un veh\u00edculo en llamas fue descubierto el cad\u00e1ver calcinado de una persona en la carretera a Valsequillo en la zona del Oasis en la junta auxiliar de San Pedro Zacachimalpa a la altura del municipio de Puebla.<\/p>\n\n\n\n<p>Este 2 de enero a las 2:53 horas, un conductor que pasaba por el sitio not\u00f3 que a un lado de la carretera se incendiaba un veh\u00edculo sin saber si hab\u00eda o no personas al interior, por lo que llam\u00f3 al n\u00famero de emergencias 911.<br>Correspondi\u00f3 a bomberos de la Secretar\u00eda de Seguridad P\u00fablica Estatal (SSP) acudir a la zona, donde confirmaron el reporte ciudadano y con ayuda de chorros de agua a presi\u00f3n mitigaron las llamas; una vez que el fuego dej\u00f3 de quemar el veh\u00edculo procedieron a las inspecciones de la unidad para descartar la presencia de v\u00edctimas mortales.<\/p>\n\n\n\n<p>Los vulcanos estatales no encontraron a nadie en los asientos de la unidad, no obstante, en la cajuela del veh\u00edculo los bomberos descubrieron el cad\u00e1ver de una persona calcinada por lo que solicitaron el apoyo de los elementos de la Fiscal\u00eda General del Estado (FGE) de Puebla.<\/p>\n\n\n\n<p>La instituci\u00f3n procuradora de justicia envi\u00f3 a peritos y a agentes investigadores a encabezar las pesquisas de ley para el levantamiento del cuerpo, el cual mediante necropsia en el Semefo se determine causa de muerte y si se trata de un hombre o una mujer.<br>El caso ya es investigado por las autoridades ministeriales quienes dieron inicio a la respectiva carpeta de investigaci\u00f3n.<\/p>\n","protected":false},"excerpt":{"rendered":"<p>Dentro de la cajuela de un veh\u00edculo en llamas fue descubierto el cad\u00e1ver calcinado de una persona en la carretera a Valsequillo en la zona del Oasis en la junta auxiliar de San Pedro Zacachimalpa a la altura del municipio de Puebla. Este 2 de enero a las 2:53 horas, un conductor que pasaba por [&hellip;]<\/p>\n","protected":false},"author":4,"featured_media":18931,"comment_status":"open","ping_status":"open","sticky":false,"template":"","format":"standard","meta":{"om_disable_all_campaigns":false,"_monsterinsights_skip_tracking":false,"_monsterinsights_sitenote_active":false,"_monsterinsights_sitenote_note":"","_monsterinsights_sitenote_category":0,"footnotes":""},"categories":[175,226],"tags":[223],"class_list":["post-18930","post","type-post","status-publish","format-standard","has-post-thumbnail","hentry","category-local","category-policia","tag-puebla"],"amp_enabled":true,"_links":{"self":[{"href":"https:\/\/lahora.mx\/index.php\/wp-json\/wp\/v2\/posts\/18930","targetHints":{"allow":["GET"]}}],"collection":[{"href":"https:\/\/lahora.mx\/index.php\/wp-json\/wp\/v2\/posts"}],"about":[{"href":"https:\/\/lahora.mx\/index.php\/wp-json\/wp\/v2\/types\/post"}],"author":[{"embeddable":true,"href":"https:\/\/lahora.mx\/index.php\/wp-json\/wp\/v2\/users\/4"}],"replies":[{"embeddable":true,"href":"https:\/\/lahora.mx\/index.php\/wp-json\/wp\/v2\/comments?post=18930"}],"version-history":[{"count":1,"href":"https:\/\/lahora.mx\/index.php\/wp-json\/wp\/v2\/posts\/18930\/revisions"}],"predecessor-version":[{"id":18932,"href":"https:\/\/lahora.mx\/index.php\/wp-json\/wp\/v2\/posts\/18930\/revisions\/18932"}],"wp:featuredmedia":[{"embeddable":true,"href":"https:\/\/lahora.mx\/index.php\/wp-json\/wp\/v2\/media\/18931"}],"wp:attachment":[{"href":"https:\/\/lahora.mx\/index.php\/wp-json\/wp\/v2\/media?parent=18930"}],"wp:term":[{"taxonomy":"category","embeddable":true,"href":"https:\/\/lahora.mx\/index.php\/wp-json\/wp\/v2\/categories?post=18930"},{"taxonomy":"post_tag","embeddable":true,"href":"https:\/\/lahora.mx\/index.php\/wp-json\/wp\/v2\/tags?post=18930"}],"curies":[{"name":"wp","href":"https:\/\/api.w.org\/{rel}","templated":true}]}}