{"id":18927,"date":"2023-01-02T18:08:31","date_gmt":"2023-01-02T18:08:31","guid":{"rendered":"http:\/\/lahora.mx\/?p=18927"},"modified":"2023-01-02T18:08:31","modified_gmt":"2023-01-02T18:08:31","slug":"lucha-contra-el-hambre-deforestacion-y-restriccion-de-armas-asi-inicia-el-gobierno-de-lula-en-brasil","status":"publish","type":"post","link":"https:\/\/lahora.mx\/index.php\/2023\/01\/02\/lucha-contra-el-hambre-deforestacion-y-restriccion-de-armas-asi-inicia-el-gobierno-de-lula-en-brasil\/","title":{"rendered":"Lucha contra el hambre, deforestaci\u00f3n y restricci\u00f3n de armas: as\u00ed inicia el Gobierno de Lula en Brasil"},"content":{"rendered":"\n<p>Una de las primeras medidas adoptadas por el presidente Luiz In\u00e1cio Lula da Silva, tras tomar posesi\u00f3n de su cargo el domingo, fue revocar una decena de pol\u00e9micos decretos dictados por el exmandatario Jair Bolsonaro, entre ellos, los que facilitaban el acceso a las armas de fuego o la expansi\u00f3n del agronegocio en la Amazon\u00eda.<\/p>\n\n\n\n<p>Lula suspendi\u00f3 nuevos registros de armas por parte de cazadores, tiradores y coleccionistas, as\u00ed como la creaci\u00f3n de clubes de tiro; redujo los l\u00edmites para la compra de armas y municiones, y orden\u00f3 poner en marcha un grupo de trabajo para proponer nuevas regulaciones en la pol\u00edtica de desarme.<\/p>\n\n\n\n<p>Asimismo, estableci\u00f3 que, en los pr\u00f3ximos 60 d\u00edas, todas las armas compradas desde mayo de 2019 sean registradas nuevamente por los propietarios.<\/p>\n\n\n\n<p>\u00abHabr\u00e1 un censo general de las armas existentes en Brasil, con miras a separar el trigo de la paja\u00bb, coment\u00f3 este lunes el ministro de Justicia, Fl\u00e1vio Dino.<\/p>\n\n\n\n<p>Un hombre observa una tienda de venta de armas en Sao Paulo, Brasil.<br>Matias Delacroix \/ AP<br>Durante los cuatro a\u00f1os de su gobierno, Bolsonaro firm\u00f3 m\u00e1s de 30 resoluciones destinadas a facilitar la adquisici\u00f3n o porte de armas. Muchas de ellas fueron bloqueadas despu\u00e9s por la Justicia. Seg\u00fan datos del Anuario Brasile\u00f1o de Seguridad P\u00fablica, el n\u00famero de personas con certificado de registro de armas de fuego creci\u00f3 un 474 % durante el gobierno del ultraderechista.<\/p>\n\n\n\n<p>Secreto de 100 a\u00f1os<br>Por otro lado, y tal como prometi\u00f3 durante la campa\u00f1a electoral, el l\u00edder del Partido de los Trabajadores (PT) dispuso que, en un plazo de 30 d\u00edas, la Contralor\u00eda General de la Uni\u00f3n analice varios decretos que establec\u00edan un secreto de 100 a\u00f1os sobre documentos de la administraci\u00f3n p\u00fablica y asuntos personales del exmandatario.<\/p>\n\n\n\n<p>\u00abEn el primer d\u00eda de Gobierno, vamos a firmar un decreto para acaba con el secreto de 100 a\u00f1os. El pueblo debe ver lo que est\u00e1n [el gobierno de Bolsonaro] escondiendo\u00bb, asever\u00f3 en campa\u00f1a el izquierdista.<\/p>\n\n\n\n<p>En el plano del medio ambiente, Lula firm\u00f3 un decreto para restablecer el combate a la deforestaci\u00f3n en la Amazon\u00eda, y reactivar el Fondo hom\u00f3nimo, constituido con donaciones de Alemania y Noruega. Estos dos pa\u00edses congelaron en 2019 sus aportes ante la negativa de Bolsonaro de frenar la deforestaci\u00f3n, que en sus tres primeros a\u00f1os avanz\u00f3 un 73 %.<\/p>\n\n\n\n<p>Deforestaci\u00f3n en la Amazon\u00eda brasile\u00f1a.<br>Eraldo Peres \/ AP<br>El presidente de Alemania, Frank-Walter Steinmeier, anunci\u00f3 el domingo que su pa\u00eds liberar\u00e1 35 millones de euros para el Fondo de la Amazon\u00eda, como muestra de cooperaci\u00f3n y apoyo al nuevo Ejecutivo.<\/p>\n\n\n\n<p>Lula, que ha insistido en que el combate a la crisis del clima \u00abtendr\u00e1 el perfil m\u00e1s alto en la estructura\u00bb de su Gobierno, tambi\u00e9n revoc\u00f3 un controvertido decreto dictado por Bolsonaro dos semanas antes de concluir su mandato, que daba luz verde a la tala en territorios ind\u00edgenas.<\/p>\n\n\n\n<p>Empresas estatales<br>En el plano econ\u00f3mico, el izquierdista firm\u00f3 un decreto que le permite a sus ministros tomar medidas para sacar a empresas estatales \u2013como Petrobras, Correos o Empresa Brasil de Comunicaci\u00f3n\u2013 del programa de privatizaci\u00f3n elaborado por la administraci\u00f3n de Bolsonaro.<\/p>\n\n\n\n<p>El gobierno del ultraderechista ten\u00eda entre sus directrices implementar un ambicioso plan de privatizaciones bajo las directrices del exministro de Econom\u00eda Paulo Guedes, un ultraliberal defensor de la austeridad fiscal, que con el embate de la pandemia no pudo cumplir.<\/p>\n\n\n\n<p>Lula hace historia al asumir su tercer mandato en Brasil<br>Lula hace historia al asumir su tercer mandato en Brasil<br>El patriarca de la izquierda tambi\u00e9n firm\u00f3 un decreto que extiende por 60 d\u00edas la exenci\u00f3n de impuestos federales para los combustibles, con el objetivo de conseguir reducir el elevado coste, y otro que garantiza el pago de 600 reales (unos 116 d\u00f3lares) de Bolsa Familia, un programa de ayuda a la poblaci\u00f3n m\u00e1s vulnerable.<\/p>\n\n\n\n<p>Asimismo, un decreto de Bolsonaro que incentivaba la creaci\u00f3n de escuelas especiales para alumnos con discapacidad y clases separadas, sin convivencia con otros ni\u00f1os.<\/p>\n\n\n\n<p>Lula, de 77 a\u00f1os, asumi\u00f3 el domingo su tercer mandato, un hecho in\u00e9dito en la historia reciente de Brasil. Tambi\u00e9n se convirti\u00f3 en el primer mandatario en recibir la banda presidencial de manos del pueblo despu\u00e9s de que Bolsonaro decidiese viajar d\u00edas antes a Estados Unidos. Aline Sousa, de 33 a\u00f1os y que trabaja recogiendo material reciclado, fue quien coloc\u00f3 al presidente la simb\u00f3lica banda.<\/p>\n\n\n\n<p>El izquierdista recoge un pa\u00eds muy diferente al que recibi\u00f3 en 2003, en su primera presidencia: debilitado econ\u00f3micamente por la inflaci\u00f3n y la deuda, extremamente polarizado y con un Congreso derechizado, con mucha influencia del bolsonarismo.<\/p>\n\n\n\n<p>\u00abEl gran edificio de derechos, soberan\u00eda y desarrollo que ha construido esta naci\u00f3n ha sido sistem\u00e1ticamente demolido en los \u00faltimos a\u00f1os. Dirigiremos todos nuestros esfuerzos a reconstruir este edificio\u00bb, asegur\u00f3 el domingo en su discurso en el Congreso Nacional.<\/p>\n","protected":false},"excerpt":{"rendered":"<p>Una de las primeras medidas adoptadas por el presidente Luiz In\u00e1cio Lula da Silva, tras tomar posesi\u00f3n de su cargo el domingo, fue revocar una decena de pol\u00e9micos decretos dictados por el exmandatario Jair Bolsonaro, entre ellos, los que facilitaban el acceso a las armas de fuego o la expansi\u00f3n del agronegocio en la Amazon\u00eda. [&hellip;]<\/p>\n","protected":false},"author":4,"featured_media":18928,"comment_status":"open","ping_status":"open","sticky":false,"template":"","format":"standard","meta":{"om_disable_all_campaigns":false,"_monsterinsights_skip_tracking":false,"_monsterinsights_sitenote_active":false,"_monsterinsights_sitenote_note":"","_monsterinsights_sitenote_category":0,"footnotes":""},"categories":[183],"tags":[],"class_list":["post-18927","post","type-post","status-publish","format-standard","has-post-thumbnail","hentry","category-internacional"],"amp_enabled":true,"_links":{"self":[{"href":"https:\/\/lahora.mx\/index.php\/wp-json\/wp\/v2\/posts\/18927","targetHints":{"allow":["GET"]}}],"collection":[{"href":"https:\/\/lahora.mx\/index.php\/wp-json\/wp\/v2\/posts"}],"about":[{"href":"https:\/\/lahora.mx\/index.php\/wp-json\/wp\/v2\/types\/post"}],"author":[{"embeddable":true,"href":"https:\/\/lahora.mx\/index.php\/wp-json\/wp\/v2\/users\/4"}],"replies":[{"embeddable":true,"href":"https:\/\/lahora.mx\/index.php\/wp-json\/wp\/v2\/comments?post=18927"}],"version-history":[{"count":1,"href":"https:\/\/lahora.mx\/index.php\/wp-json\/wp\/v2\/posts\/18927\/revisions"}],"predecessor-version":[{"id":18929,"href":"https:\/\/lahora.mx\/index.php\/wp-json\/wp\/v2\/posts\/18927\/revisions\/18929"}],"wp:featuredmedia":[{"embeddable":true,"href":"https:\/\/lahora.mx\/index.php\/wp-json\/wp\/v2\/media\/18928"}],"wp:attachment":[{"href":"https:\/\/lahora.mx\/index.php\/wp-json\/wp\/v2\/media?parent=18927"}],"wp:term":[{"taxonomy":"category","embeddable":true,"href":"https:\/\/lahora.mx\/index.php\/wp-json\/wp\/v2\/categories?post=18927"},{"taxonomy":"post_tag","embeddable":true,"href":"https:\/\/lahora.mx\/index.php\/wp-json\/wp\/v2\/tags?post=18927"}],"curies":[{"name":"wp","href":"https:\/\/api.w.org\/{rel}","templated":true}]}}