{"id":18917,"date":"2023-01-02T16:38:00","date_gmt":"2023-01-02T16:38:00","guid":{"rendered":"http:\/\/lahora.mx\/?p=18917"},"modified":"2023-01-02T16:38:01","modified_gmt":"2023-01-02T16:38:01","slug":"pension-bienestar-cambia-metodo-de-pago-aca-te-decimos-como-sera","status":"publish","type":"post","link":"https:\/\/lahora.mx\/index.php\/2023\/01\/02\/pension-bienestar-cambia-metodo-de-pago-aca-te-decimos-como-sera\/","title":{"rendered":"Pensi\u00f3n Bienestar cambia m\u00e9todo de pago, ac\u00e1 te decimos c\u00f3mo ser\u00e1"},"content":{"rendered":"\n<p class=\"wp-block-paragraph\">El Gobierno de M\u00e9xico inform\u00f3 este lunes 2 de enero que la Pensi\u00f3n Bienestar cambiar\u00e1 su m\u00e9todo de pago, se\u00f1alando que ahora se har\u00e1 por apellido.<\/p>\n\n\n\n<p class=\"wp-block-paragraph\">La secretaria del Bienestar, Ariadna Montiel, anunci\u00f3 que a partir del mi\u00e9rcoles 4 de enero iniciar\u00e1 la nueva forma de pago de pensiones, el que corresponde al periodo de enero-febrero, teniendo las siguientes fechas de dep\u00f3sito de acuerdo a la letra del primer apellido:<\/p>\n\n\n\n<p class=\"wp-block-paragraph\">A, B y C ser\u00e1 el mi\u00e9rcoles 4 de enero<\/p>\n\n\n\n<p class=\"wp-block-paragraph\">D, E, F, G y H, jueves 5 de enero<\/p>\n\n\n\n<p class=\"wp-block-paragraph\">I, J, K, L, M, viernes 6 de enero<\/p>\n\n\n\n<p class=\"wp-block-paragraph\">N, \u00d1, O, P, Q y R, lunes 9 de enero<\/p>\n\n\n\n<p class=\"wp-block-paragraph\">S, T, U, V, W, X, Y y Z, martes 10 de enero<br>Es importante se\u00f1alar que, si la persona acude el d\u00eda que no le corresponde por su pago, no ver\u00e1 reflejado su dep\u00f3sito.<\/p>\n\n\n\n<p class=\"wp-block-paragraph\">La modificaci\u00f3n en la forma de pago es una optimizaci\u00f3n de trabajo, para que se brinde una mejor atenci\u00f3n a los adultos mayores, luego de que se registraran aglomeraciones en los bancos por entregar la pensi\u00f3n en un mismo d\u00eda.<\/p>\n\n\n\n<p class=\"wp-block-paragraph\">El Gobierno de M\u00e9xico resalt\u00f3 que aquellas personas que cobran en efectivo su pensi\u00f3n o que se encuentran en comunidades muy lejanas, el pago ser\u00e1 del 9 de enero al 5 de febrero.<\/p>\n","protected":false},"excerpt":{"rendered":"<p>El Gobierno de M\u00e9xico inform\u00f3 este lunes 2 de enero que la Pensi\u00f3n Bienestar cambiar\u00e1 su m\u00e9todo de pago, se\u00f1alando que ahora se har\u00e1 por apellido. La secretaria del Bienestar, Ariadna Montiel, anunci\u00f3 que a partir del mi\u00e9rcoles 4 de enero iniciar\u00e1 la nueva forma de pago de pensiones, el que corresponde al periodo de [&hellip;]<\/p>\n","protected":false},"author":4,"featured_media":18918,"comment_status":"open","ping_status":"open","sticky":false,"template":"","format":"standard","meta":{"om_disable_all_campaigns":false,"_monsterinsights_skip_tracking":false,"_monsterinsights_sitenote_active":false,"_monsterinsights_sitenote_note":"","_monsterinsights_sitenote_category":0,"footnotes":""},"categories":[176],"tags":[195],"class_list":["post-18917","post","type-post","status-publish","format-standard","has-post-thumbnail","hentry","category-nacional","tag-principal"],"amp_enabled":true,"_links":{"self":[{"href":"https:\/\/lahora.mx\/index.php\/wp-json\/wp\/v2\/posts\/18917","targetHints":{"allow":["GET"]}}],"collection":[{"href":"https:\/\/lahora.mx\/index.php\/wp-json\/wp\/v2\/posts"}],"about":[{"href":"https:\/\/lahora.mx\/index.php\/wp-json\/wp\/v2\/types\/post"}],"author":[{"embeddable":true,"href":"https:\/\/lahora.mx\/index.php\/wp-json\/wp\/v2\/users\/4"}],"replies":[{"embeddable":true,"href":"https:\/\/lahora.mx\/index.php\/wp-json\/wp\/v2\/comments?post=18917"}],"version-history":[{"count":1,"href":"https:\/\/lahora.mx\/index.php\/wp-json\/wp\/v2\/posts\/18917\/revisions"}],"predecessor-version":[{"id":18919,"href":"https:\/\/lahora.mx\/index.php\/wp-json\/wp\/v2\/posts\/18917\/revisions\/18919"}],"wp:featuredmedia":[{"embeddable":true,"href":"https:\/\/lahora.mx\/index.php\/wp-json\/wp\/v2\/media\/18918"}],"wp:attachment":[{"href":"https:\/\/lahora.mx\/index.php\/wp-json\/wp\/v2\/media?parent=18917"}],"wp:term":[{"taxonomy":"category","embeddable":true,"href":"https:\/\/lahora.mx\/index.php\/wp-json\/wp\/v2\/categories?post=18917"},{"taxonomy":"post_tag","embeddable":true,"href":"https:\/\/lahora.mx\/index.php\/wp-json\/wp\/v2\/tags?post=18917"}],"curies":[{"name":"wp","href":"https:\/\/api.w.org\/{rel}","templated":true}]}}