{"id":18914,"date":"2023-01-02T16:36:02","date_gmt":"2023-01-02T16:36:02","guid":{"rendered":"http:\/\/lahora.mx\/?p=18914"},"modified":"2023-01-02T16:36:02","modified_gmt":"2023-01-02T16:36:02","slug":"el-chucky-detenido-por-secuestro-de-dos-jovenes-en-bar-de-huauchinango","status":"publish","type":"post","link":"https:\/\/lahora.mx\/index.php\/2023\/01\/02\/el-chucky-detenido-por-secuestro-de-dos-jovenes-en-bar-de-huauchinango\/","title":{"rendered":"\u201cEl Chucky\u201d detenido por secuestro de dos j\u00f3venes en bar de Huauchinango"},"content":{"rendered":"\n<p>Jos\u00e9 Luis N. alias \u201cEl Chuky\u201d de 48 a\u00f1os, fue detenido y posteriormente vinculado a proceso por el secuestro de dos j\u00f3venes en el municipio de Huauchinango, incluso exig\u00eda para su rescate 1 mill\u00f3n de pesos.<\/p>\n\n\n\n<p>El 21 de abril de 2021 las v\u00edctimas acudieron a un bar en la colonia El Cerrito del municipio de Huauchinango, siendo la \u00faltima ocasi\u00f3n en que se supo de su paradero.<\/p>\n\n\n\n<p>Presuntamente Jos\u00e9 Luis N. en complicidad con otras personas, retuvieron contra su voluntad a los afectados dentro del establecimiento para despu\u00e9s sacarlos violentamente y llev\u00e1rselos con rumbo desconocido a bordo de un veh\u00edculo Jetta.<\/p>\n\n\n\n<p>Al d\u00eda siguiente, la madre de una de las v\u00edctimas recibi\u00f3 la llamada de un hombre que le dijo tener secuestrado a su hijo por quien exigi\u00f3 la cantidad de un mill\u00f3n de pesos, sin embargo, no se volvi\u00f3 a comunicar con ella.<\/p>\n\n\n\n<p>La Fiscal\u00eda de Puebla realiz\u00f3 diversos actos de investigaci\u00f3n que permitieron establecer la presunta participaci\u00f3n de Jos\u00e9 Luis N. en el il\u00edcito, raz\u00f3n por la que solicit\u00f3 y obtuvo orden de aprehensi\u00f3n en su contra.<\/p>\n\n\n\n<p>Una vez cumplimentado el mandamiento judicial, el Agente del Ministerio P\u00fablico exhibi\u00f3 elementos probatorios ante el Juez de Control quien determin\u00f3 vincularlo a proceso con la medida cautelar de prisi\u00f3n preventiva oficiosa.<\/p>\n","protected":false},"excerpt":{"rendered":"<p>Jos\u00e9 Luis N. alias \u201cEl Chuky\u201d de 48 a\u00f1os, fue detenido y posteriormente vinculado a proceso por el secuestro de dos j\u00f3venes en el municipio de Huauchinango, incluso exig\u00eda para su rescate 1 mill\u00f3n de pesos. El 21 de abril de 2021 las v\u00edctimas acudieron a un bar en la colonia El Cerrito del municipio [&hellip;]<\/p>\n","protected":false},"author":4,"featured_media":18915,"comment_status":"open","ping_status":"open","sticky":false,"template":"","format":"standard","meta":{"om_disable_all_campaigns":false,"_monsterinsights_skip_tracking":false,"_monsterinsights_sitenote_active":false,"_monsterinsights_sitenote_note":"","_monsterinsights_sitenote_category":0,"footnotes":""},"categories":[175,226],"tags":[223],"class_list":["post-18914","post","type-post","status-publish","format-standard","has-post-thumbnail","hentry","category-local","category-policia","tag-puebla"],"amp_enabled":true,"_links":{"self":[{"href":"https:\/\/lahora.mx\/index.php\/wp-json\/wp\/v2\/posts\/18914","targetHints":{"allow":["GET"]}}],"collection":[{"href":"https:\/\/lahora.mx\/index.php\/wp-json\/wp\/v2\/posts"}],"about":[{"href":"https:\/\/lahora.mx\/index.php\/wp-json\/wp\/v2\/types\/post"}],"author":[{"embeddable":true,"href":"https:\/\/lahora.mx\/index.php\/wp-json\/wp\/v2\/users\/4"}],"replies":[{"embeddable":true,"href":"https:\/\/lahora.mx\/index.php\/wp-json\/wp\/v2\/comments?post=18914"}],"version-history":[{"count":1,"href":"https:\/\/lahora.mx\/index.php\/wp-json\/wp\/v2\/posts\/18914\/revisions"}],"predecessor-version":[{"id":18916,"href":"https:\/\/lahora.mx\/index.php\/wp-json\/wp\/v2\/posts\/18914\/revisions\/18916"}],"wp:featuredmedia":[{"embeddable":true,"href":"https:\/\/lahora.mx\/index.php\/wp-json\/wp\/v2\/media\/18915"}],"wp:attachment":[{"href":"https:\/\/lahora.mx\/index.php\/wp-json\/wp\/v2\/media?parent=18914"}],"wp:term":[{"taxonomy":"category","embeddable":true,"href":"https:\/\/lahora.mx\/index.php\/wp-json\/wp\/v2\/categories?post=18914"},{"taxonomy":"post_tag","embeddable":true,"href":"https:\/\/lahora.mx\/index.php\/wp-json\/wp\/v2\/tags?post=18914"}],"curies":[{"name":"wp","href":"https:\/\/api.w.org\/{rel}","templated":true}]}}