{"id":18911,"date":"2023-01-02T16:33:39","date_gmt":"2023-01-02T16:33:39","guid":{"rendered":"http:\/\/lahora.mx\/?p=18911"},"modified":"2023-01-02T16:33:40","modified_gmt":"2023-01-02T16:33:40","slug":"roban-una-camioneta-estacionada-en-chula-vista","status":"publish","type":"post","link":"https:\/\/lahora.mx\/index.php\/2023\/01\/02\/roban-una-camioneta-estacionada-en-chula-vista\/","title":{"rendered":"Roban  una camioneta estacionada en Chula Vista"},"content":{"rendered":"\n<p>En la capital contin\u00faan los robos de veh\u00edculo, ahora un hombre denunci\u00f3 que en la 7 Sur de la colonia Chula Vista, se robaron su camioneta la cual se encontraba estacionada y recientemente hab\u00eda adquirido con sus ahorros.<\/p>\n\n\n\n<p>Fue por medio de redes sociales que un hombre exhibi\u00f3 las fotograf\u00edas de su camioneta tipo Lobo marca Ford con placas TG5375F, la cual estaba estacionada en la 7 Sur de la colonia antes mencionada.<\/p>\n\n\n\n<p>Ante ello, el afectado pidi\u00f3 el apoyo de toda la poblaci\u00f3n para poder localizarla ya que, el veh\u00edculo lo hab\u00eda comprado justo el d\u00eda de Noche Buena, es decir el pasado 24 de diciembre y con todo el dinero que hab\u00eda ahorrado.<\/p>\n","protected":false},"excerpt":{"rendered":"<p>En la capital contin\u00faan los robos de veh\u00edculo, ahora un hombre denunci\u00f3 que en la 7 Sur de la colonia Chula Vista, se robaron su camioneta la cual se encontraba estacionada y recientemente hab\u00eda adquirido con sus ahorros. Fue por medio de redes sociales que un hombre exhibi\u00f3 las fotograf\u00edas de su camioneta tipo Lobo [&hellip;]<\/p>\n","protected":false},"author":4,"featured_media":18912,"comment_status":"open","ping_status":"open","sticky":false,"template":"","format":"standard","meta":{"om_disable_all_campaigns":false,"_monsterinsights_skip_tracking":false,"_monsterinsights_sitenote_active":false,"_monsterinsights_sitenote_note":"","_monsterinsights_sitenote_category":0,"footnotes":""},"categories":[175,226],"tags":[223],"class_list":["post-18911","post","type-post","status-publish","format-standard","has-post-thumbnail","hentry","category-local","category-policia","tag-puebla"],"amp_enabled":true,"_links":{"self":[{"href":"https:\/\/lahora.mx\/index.php\/wp-json\/wp\/v2\/posts\/18911","targetHints":{"allow":["GET"]}}],"collection":[{"href":"https:\/\/lahora.mx\/index.php\/wp-json\/wp\/v2\/posts"}],"about":[{"href":"https:\/\/lahora.mx\/index.php\/wp-json\/wp\/v2\/types\/post"}],"author":[{"embeddable":true,"href":"https:\/\/lahora.mx\/index.php\/wp-json\/wp\/v2\/users\/4"}],"replies":[{"embeddable":true,"href":"https:\/\/lahora.mx\/index.php\/wp-json\/wp\/v2\/comments?post=18911"}],"version-history":[{"count":1,"href":"https:\/\/lahora.mx\/index.php\/wp-json\/wp\/v2\/posts\/18911\/revisions"}],"predecessor-version":[{"id":18913,"href":"https:\/\/lahora.mx\/index.php\/wp-json\/wp\/v2\/posts\/18911\/revisions\/18913"}],"wp:featuredmedia":[{"embeddable":true,"href":"https:\/\/lahora.mx\/index.php\/wp-json\/wp\/v2\/media\/18912"}],"wp:attachment":[{"href":"https:\/\/lahora.mx\/index.php\/wp-json\/wp\/v2\/media?parent=18911"}],"wp:term":[{"taxonomy":"category","embeddable":true,"href":"https:\/\/lahora.mx\/index.php\/wp-json\/wp\/v2\/categories?post=18911"},{"taxonomy":"post_tag","embeddable":true,"href":"https:\/\/lahora.mx\/index.php\/wp-json\/wp\/v2\/tags?post=18911"}],"curies":[{"name":"wp","href":"https:\/\/api.w.org\/{rel}","templated":true}]}}