{"id":18908,"date":"2023-01-02T16:31:36","date_gmt":"2023-01-02T16:31:36","guid":{"rendered":"http:\/\/lahora.mx\/?p=18908"},"modified":"2023-01-02T16:31:36","modified_gmt":"2023-01-02T16:31:36","slug":"fiscalia-excluye-a-periodistas-de-protocolo-para-su-proteccion","status":"publish","type":"post","link":"https:\/\/lahora.mx\/index.php\/2023\/01\/02\/fiscalia-excluye-a-periodistas-de-protocolo-para-su-proteccion\/","title":{"rendered":"Fiscal\u00eda excluye a periodistas de protocolo para su protecci\u00f3n"},"content":{"rendered":"\n<p>Entre sus principales deficiencias se encuentra la forma en que fue escrito en un estricto sentido jur\u00eddico y engorroso, se\u00f1alaron activistas.<\/p>\n\n\n\n<p>En septiembre del a\u00f1o pasado, la Fiscal\u00eda General del Estado (FGE) public\u00f3 el primer protocolo de investigaci\u00f3n de delitos cometidos contra periodistas y personas defensoras de derechos humanos a nivel estatal, archivado bajo el nombre de P\/001\/2022. Sin embargo, su planeaci\u00f3n se hizo en una oficina a puerta cerrada, excluyendo las opiniones, vivencias y sentires de aquellos grupos que idealmente busca atender.<\/p>\n\n\n\n<p>Aunado a ello, desde su emisi\u00f3n a la fecha no se ha hecho un s\u00f3lo acto de socializaci\u00f3n ni difusi\u00f3n sobre el mismo, lo cual s\u00f3lo acent\u00faa la brecha de accesibilidad a la justicia, advierten activistas, l\u00edderes sociales y comunicadores, quienes, adem\u00e1s, denuncian que la falta de inter\u00e9s institucional por incluirles en este tipo de procesos supone actos de opacidad, lo cual no s\u00f3lo genera dudas sobre su aplicaci\u00f3n, sino que tambi\u00e9n pone en duda la legitimidad del protocolo.<\/p>\n\n\n\n<p>Para la oficina en M\u00e9xico y Centroam\u00e9rica de la organizaci\u00f3n internacional para la protecci\u00f3n y vigilancia de los derechos de periodistas, Art\u00edculo 19, la omisi\u00f3n de la fiscal\u00eda poblana no pas\u00f3 desapercibida.<br>Luis Knapp Moreno es coordinador de Defensa de dicha organizaci\u00f3n y tambi\u00e9n es abogado por la Universidad Nacional Aut\u00f3noma de M\u00e9xico (UNAM). En entrevista con El Sol de Puebla, el activista expone su preocupaci\u00f3n ante la falta de consenso, adem\u00e1s del desd\u00e9n con el que la autoridad ministerial decidi\u00f3 implementar dicho protocolo.<\/p>\n\n\n\n<p>\u201cLa Fiscal\u00eda no es la protagonista, los protagonistas ac\u00e1 son las v\u00edctimas, los periodistas y las personas defensoras que trabajan d\u00eda a d\u00eda bajo riesgo, o que han sido ya v\u00edctimas de delitos y de violaciones a sus derechos, ellos son los protagonistas, no las autoridades (\u2026) La Fiscal\u00eda omiti\u00f3 esta cuesti\u00f3n [y] es lamentable, [pues] debe abrirse a la participaci\u00f3n e incluir a las voces de la sociedad\u201d, sostiene.<\/p>\n\n\n\n<p>As\u00ed es el protocolo de investigaci\u00f3n por delitos contra periodistas y activistas<br>Tal como dio a conocer esta casa editorial, el documento fue promulgado el 21 de septiembre por el fiscal Gilberto Higuera Bernal. De forma general, estos lineamientos precisan cu\u00e1les son las condiciones con las que la autoridad debe iniciar una indagatoria, los criterios que debe asumir el personal, as\u00ed como los mecanismos de protecci\u00f3n que pueden ser asignados en aquellos casos en los que la integridad de las personas est\u00e9 comprometida.<\/p>\n\n\n\n<p>Si bien, el documento no es violatorio de derechos per se, su falta de socializaci\u00f3n y su compleja redacci\u00f3n jur\u00eddica se interponen como obst\u00e1culos para que las personas defensoras de derechos humanos y periodistas puedan comprender la utilidad del protocolo, ya que la autoridad asume que los interesados cuentan con conocimientos amplios sobre el marco legal aplicable.<\/p>\n\n\n\n<p>Entre sus principales deficiencias se encuentra la forma en que fue escrito \u2013en un estricto sentido jur\u00eddico y engorroso\u2013, se\u00f1ala, por su parte, Cinthya Ram\u00edrez Rodr\u00edguez, vocera de la organizaci\u00f3n REDefine Puebla, que brinda acompa\u00f1amiento y asesor\u00eda jur\u00eddica a mujeres y diversas activistas en todo el estado.<\/p>\n\n\n\n<p>\u201cEl lenguaje no es entendible para todas las personas. Al final, no es un documento para las mismas personas expertas de la Fiscal\u00eda, sino para quienes lo requieran: periodistas, defensoras y defensores de derechos humanos que no siempre tienen esta visi\u00f3n acad\u00e9mica (\u2026) No est\u00e1 mencionado coloquialmente, sino a trav\u00e9s de estos t\u00e9rminos jur\u00eddicos [y] desde un \u00e1mbito legal, no desde algo que sea entendible\u201d, subraya.<\/p>\n\n\n\n<p>A\u00f1ade que, en este tipo de acciones tan sensibles como la indagaci\u00f3n de delitos cometidos contra la libertad de expresi\u00f3n, el hecho de recabar las vivencias de quienes han enfrentado este tipo de violencias es fundamental para evitar equivocaciones y rezagos. Adem\u00e1s, indica que los ejercicios de participaci\u00f3n activa permiten retroalimentar la informaci\u00f3n y garantizar un mejor cumplimiento de los estatutos.<\/p>\n\n\n\n<p>\u201cNos quedan much\u00edsimas preguntas y, justamente, este es el error de hacer protocolos sin consultarle a las personas a las cuales les atraviesan estas situaciones, lo cual es sumamente grave\u201d, opina.<br>Para conocer el posicionamiento concreto de la FGE, acerca de si se tomaron en cuenta o no las opiniones de organizaciones civiles, as\u00ed como de periodistas y personas defensoras de derechos humanos durante la elaboraci\u00f3n del protocolo, esta casa editorial consult\u00f3 al respecto al \u00e1rea de comunicaci\u00f3n social de la instituci\u00f3n, tres veces, sin embargo, aunque existi\u00f3 la promesa de una respuesta la misma nunca fue prove\u00edda.<\/p>\n","protected":false},"excerpt":{"rendered":"<p>Entre sus principales deficiencias se encuentra la forma en que fue escrito en un estricto sentido jur\u00eddico y engorroso, se\u00f1alaron activistas. En septiembre del a\u00f1o pasado, la Fiscal\u00eda General del Estado (FGE) public\u00f3 el primer protocolo de investigaci\u00f3n de delitos cometidos contra periodistas y personas defensoras de derechos humanos a nivel estatal, archivado bajo el [&hellip;]<\/p>\n","protected":false},"author":4,"featured_media":18909,"comment_status":"open","ping_status":"open","sticky":false,"template":"","format":"standard","meta":{"om_disable_all_campaigns":false,"_monsterinsights_skip_tracking":false,"_monsterinsights_sitenote_active":false,"_monsterinsights_sitenote_note":"","_monsterinsights_sitenote_category":0,"footnotes":""},"categories":[175],"tags":[195,223],"class_list":["post-18908","post","type-post","status-publish","format-standard","has-post-thumbnail","hentry","category-local","tag-principal","tag-puebla"],"amp_enabled":true,"_links":{"self":[{"href":"https:\/\/lahora.mx\/index.php\/wp-json\/wp\/v2\/posts\/18908","targetHints":{"allow":["GET"]}}],"collection":[{"href":"https:\/\/lahora.mx\/index.php\/wp-json\/wp\/v2\/posts"}],"about":[{"href":"https:\/\/lahora.mx\/index.php\/wp-json\/wp\/v2\/types\/post"}],"author":[{"embeddable":true,"href":"https:\/\/lahora.mx\/index.php\/wp-json\/wp\/v2\/users\/4"}],"replies":[{"embeddable":true,"href":"https:\/\/lahora.mx\/index.php\/wp-json\/wp\/v2\/comments?post=18908"}],"version-history":[{"count":1,"href":"https:\/\/lahora.mx\/index.php\/wp-json\/wp\/v2\/posts\/18908\/revisions"}],"predecessor-version":[{"id":18910,"href":"https:\/\/lahora.mx\/index.php\/wp-json\/wp\/v2\/posts\/18908\/revisions\/18910"}],"wp:featuredmedia":[{"embeddable":true,"href":"https:\/\/lahora.mx\/index.php\/wp-json\/wp\/v2\/media\/18909"}],"wp:attachment":[{"href":"https:\/\/lahora.mx\/index.php\/wp-json\/wp\/v2\/media?parent=18908"}],"wp:term":[{"taxonomy":"category","embeddable":true,"href":"https:\/\/lahora.mx\/index.php\/wp-json\/wp\/v2\/categories?post=18908"},{"taxonomy":"post_tag","embeddable":true,"href":"https:\/\/lahora.mx\/index.php\/wp-json\/wp\/v2\/tags?post=18908"}],"curies":[{"name":"wp","href":"https:\/\/api.w.org\/{rel}","templated":true}]}}