{"id":18847,"date":"2023-01-02T01:05:17","date_gmt":"2023-01-02T01:05:17","guid":{"rendered":"http:\/\/lahora.mx\/?p=18847"},"modified":"2023-01-02T01:05:18","modified_gmt":"2023-01-02T01:05:18","slug":"gobierno-decide-impulsar-la-igualdad-de-genero","status":"publish","type":"post","link":"https:\/\/lahora.mx\/index.php\/2023\/01\/02\/gobierno-decide-impulsar-la-igualdad-de-genero\/","title":{"rendered":"Gobierno decide Impulsar la igualdad de g\u00e9nero"},"content":{"rendered":"\n<p class=\"wp-block-paragraph\">En busca de impulsar la igualdad de oportunidades entre mujeres y hombres mediante la instrumentaci\u00f3n de pol\u00edticas, programas, proyectos y acciones dirigidos a asegurarla en el \u00e1mbito econ\u00f3mico, pol\u00edtico, social y cultural, el gobierno del Estado destinar\u00e1, para el pr\u00f3ximo a\u00f1o, poco m\u00e1s de 10 mil 321 millones pesos.<\/p>\n\n\n\n<p class=\"wp-block-paragraph\">Atienden en la Capital violencia contra mujeres<br>De acuerdo con el presupuesto estatal de 2023 para fomentar, impulsar y promover la participaci\u00f3n equitativa entre mujeres y hombres, las dependencias y entidades de la administraci\u00f3n estatal deber\u00e1n considerar en la ejecuci\u00f3n de los programas presupuestarios con enfoque de g\u00e9nero.<\/p>\n\n\n\n<p class=\"wp-block-paragraph\">De esta forma, el paquete econ\u00f3mico proyecta la alineaci\u00f3n de los programas sociales con enfoque de g\u00e9nero al Programa Estatal para la Igualdad de Mujeres y Hombres, el cual es coordinado por el Instituto Estatal de la Mujer.<\/p>\n\n\n\n<p class=\"wp-block-paragraph\">Sin cambios, avala el Congreso Presupuesto por 25 mil 571 mdp<br>En este sentido, deber\u00e1 incluir en la formulaci\u00f3n de programas de salud, educaci\u00f3n, bienestar social y fomento econ\u00f3mico mecanismos para dar atenci\u00f3n a las necesidades de mujeres y hombres, identificando a la poblaci\u00f3n objetivo y registr\u00e1ndola en el padr\u00f3n de beneficiarios, en el cual considere los criterios de beneficio entregado, grupo de edad, sexo, localidad y municipio.<\/p>\n\n\n\n<p class=\"wp-block-paragraph\">Adem\u00e1s, este rubro tendr\u00e1 indicadores sensibles al g\u00e9nero y la medici\u00f3n del desempe\u00f1o con metas vinculadas al cumplimiento de los objetivos del programa en su matriz de indicadores de resultados, con el prop\u00f3sito de medir avances y evaluar resultados.<\/p>\n\n\n\n<p class=\"wp-block-paragraph\">Asimismo, plantea fomentar la perspectiva de g\u00e9nero en la ejecuci\u00f3n de programas que, aun cuando no est\u00e1n dirigidos a beneficiar directamente al g\u00e9nero femenino, es posible identificar los resultados que benefician espec\u00edficamente a las mujeres, y buscar\u00e1n eliminar de los medios masivos de comunicaci\u00f3n social el uso de estereotipos sexistas y discriminatorios e incorporar un lenguaje incluyente.<\/p>\n\n\n\n<p class=\"wp-block-paragraph\">Para evaluar el desempe\u00f1o de los programas con enfoque de g\u00e9nero, propone, las dependencias y entidades informar\u00e1n trimestralmente a la Secretar\u00eda de Finanzas y a la Coordinaci\u00f3n General de Planeaci\u00f3n e Inversi\u00f3n sobre las acciones realizadas para la igualdad entre mujeres y hombres, desglosando objetivos espec\u00edficos, poblaci\u00f3n atendida, indicadores sensibles al g\u00e9nero establecidos, programaci\u00f3n de las erogaciones y el ejercicio de los recursos.<\/p>\n\n\n\n<p class=\"wp-block-paragraph\">De igual forma, las dependencias y entes deber\u00e1n remitir a la Coordinaci\u00f3n General de Planeaci\u00f3n e Inversi\u00f3n, los informes mencionados anteriormente, a m\u00e1s tardar a los 25 d\u00edas naturales de concluido el trimestre correspondiente.<\/p>\n\n\n\n<p class=\"wp-block-paragraph\">Algunos de los programas con perspectiva de g\u00e9nero donde aplicar\u00e1n m\u00e1s recursos son el de educaci\u00f3n para el bienestar de las y los tlaxcaltecas, de servicios de educaci\u00f3n b\u00e1sica y normal para una nueva historia de Tlaxcala y el de mujeres tlaxcaltecas por una vida libre de violencia, entre otros.<\/p>\n","protected":false},"excerpt":{"rendered":"<p>En busca de impulsar la igualdad de oportunidades entre mujeres y hombres mediante la instrumentaci\u00f3n de pol\u00edticas, programas, proyectos y acciones dirigidos a asegurarla en el \u00e1mbito econ\u00f3mico, pol\u00edtico, social y cultural, el gobierno del Estado destinar\u00e1, para el pr\u00f3ximo a\u00f1o, poco m\u00e1s de 10 mil 321 millones pesos. Atienden en la Capital violencia contra [&hellip;]<\/p>\n","protected":false},"author":4,"featured_media":18848,"comment_status":"open","ping_status":"open","sticky":false,"template":"","format":"standard","meta":{"om_disable_all_campaigns":false,"_monsterinsights_skip_tracking":false,"_monsterinsights_sitenote_active":false,"_monsterinsights_sitenote_note":"","_monsterinsights_sitenote_category":0,"footnotes":""},"categories":[176],"tags":[223],"class_list":["post-18847","post","type-post","status-publish","format-standard","has-post-thumbnail","hentry","category-nacional","tag-puebla"],"amp_enabled":true,"_links":{"self":[{"href":"https:\/\/lahora.mx\/index.php\/wp-json\/wp\/v2\/posts\/18847","targetHints":{"allow":["GET"]}}],"collection":[{"href":"https:\/\/lahora.mx\/index.php\/wp-json\/wp\/v2\/posts"}],"about":[{"href":"https:\/\/lahora.mx\/index.php\/wp-json\/wp\/v2\/types\/post"}],"author":[{"embeddable":true,"href":"https:\/\/lahora.mx\/index.php\/wp-json\/wp\/v2\/users\/4"}],"replies":[{"embeddable":true,"href":"https:\/\/lahora.mx\/index.php\/wp-json\/wp\/v2\/comments?post=18847"}],"version-history":[{"count":1,"href":"https:\/\/lahora.mx\/index.php\/wp-json\/wp\/v2\/posts\/18847\/revisions"}],"predecessor-version":[{"id":18849,"href":"https:\/\/lahora.mx\/index.php\/wp-json\/wp\/v2\/posts\/18847\/revisions\/18849"}],"wp:featuredmedia":[{"embeddable":true,"href":"https:\/\/lahora.mx\/index.php\/wp-json\/wp\/v2\/media\/18848"}],"wp:attachment":[{"href":"https:\/\/lahora.mx\/index.php\/wp-json\/wp\/v2\/media?parent=18847"}],"wp:term":[{"taxonomy":"category","embeddable":true,"href":"https:\/\/lahora.mx\/index.php\/wp-json\/wp\/v2\/categories?post=18847"},{"taxonomy":"post_tag","embeddable":true,"href":"https:\/\/lahora.mx\/index.php\/wp-json\/wp\/v2\/tags?post=18847"}],"curies":[{"name":"wp","href":"https:\/\/api.w.org\/{rel}","templated":true}]}}