{"id":1884,"date":"2022-01-19T23:05:03","date_gmt":"2022-01-19T23:05:03","guid":{"rendered":"http:\/\/lahora.mx\/?p=1884"},"modified":"2022-01-19T23:05:03","modified_gmt":"2022-01-19T23:05:03","slug":"muere-el-primer-nino-por-omicron-en-puebla-tenia-dos-anos-y-era-de-la-capital","status":"publish","type":"post","link":"https:\/\/lahora.mx\/index.php\/2022\/01\/19\/muere-el-primer-nino-por-omicron-en-puebla-tenia-dos-anos-y-era-de-la-capital\/","title":{"rendered":"Muere el primer ni\u00f1o por \u00d3micron en Puebla, ten\u00eda dos a\u00f1os y era de la capital"},"content":{"rendered":"<p>La cuarta oleada de coronavirus en Puebla \u00a0marcada por la variante \u00d3micron ya cobr\u00f3 la vida del primer menor de edad<b> <\/b>\u00a0pues la Secretar\u00eda de Salud federal registr\u00f3 el primer fallecimiento de una peque\u00f1a de dos a\u00f1os en la entidad, con esto suman 64 los peque\u00f1os poblanos que pierden la vida por el virus desde que inici\u00f3 la pandemia.<\/p>\n<p>De acuerdo con los datos de la\u00a0<strong>Secretar\u00eda Ejecutiva del Sistema Nacional de Protecci\u00f3n Integral de Ni\u00f1as, Ni\u00f1os y Adolescentes<\/strong>\u00a0(SIPINNA), Puebla es el segundo estado con m\u00e1s menores de edad que han perdido la vida por el coronavirus, s\u00f3lo por debajo del Estado de M\u00e9xico en donde se contabilizan 104 defunciones.<\/p>\n<p>En este sentido, la defunci\u00f3n registrada durante la semana del 9 al 16 de enero fue de una peque\u00f1a de apenas dos a\u00f1os de edad, originaria del municipio de Puebla, quien adem\u00e1s del\u00a0<strong>coronavirus lleg\u00f3 con s\u00edntomas de neumon\u00eda y fue atendida por la Secretar\u00eda de Salud del estado.<\/strong><\/p>\n<p>Con la\u00a0<strong>primera defunci\u00f3n infantil reportada en lo que va del 2022, en la entidad ya son 64 las que se han reportado en la poblaci\u00f3n que tenia menos de 18 a\u00f1os\u00a0<\/strong>desde marzo de 2020 que inici\u00f3 la pandemia en el estado.<br \/>\nPues adem\u00e1s de la menor ya mencionada\u00a0<strong>se tiene registro de otras 29 entre peque\u00f1os de cero a los cinco a\u00f1os de edad,<\/strong>\u00a0siendo este el grupo m\u00e1s vulnerable al virus, adem\u00e1s hay contabilizadas 11 defunciones en poblanos de seis a 11 a\u00f1os y 23 m\u00e1s que ocurrieron entre los 12 y 17 a\u00f1os de edad.<\/p>\n","protected":false},"excerpt":{"rendered":"<p>La cuarta oleada de coronavirus en Puebla \u00a0marcada por la variante \u00d3micron ya cobr\u00f3 la vida del primer menor de edad \u00a0pues la Secretar\u00eda de Salud federal registr\u00f3 el primer fallecimiento de una peque\u00f1a de dos a\u00f1os en la entidad, con esto suman 64 los peque\u00f1os poblanos que pierden la vida por el virus desde [&hellip;]<\/p>\n","protected":false},"author":4,"featured_media":1885,"comment_status":"open","ping_status":"open","sticky":false,"template":"","format":"standard","meta":{"om_disable_all_campaigns":false,"_monsterinsights_skip_tracking":false,"_monsterinsights_sitenote_active":false,"_monsterinsights_sitenote_note":"","_monsterinsights_sitenote_category":0,"footnotes":""},"categories":[175],"tags":[],"class_list":["post-1884","post","type-post","status-publish","format-standard","has-post-thumbnail","hentry","category-local"],"amp_enabled":true,"_links":{"self":[{"href":"https:\/\/lahora.mx\/index.php\/wp-json\/wp\/v2\/posts\/1884","targetHints":{"allow":["GET"]}}],"collection":[{"href":"https:\/\/lahora.mx\/index.php\/wp-json\/wp\/v2\/posts"}],"about":[{"href":"https:\/\/lahora.mx\/index.php\/wp-json\/wp\/v2\/types\/post"}],"author":[{"embeddable":true,"href":"https:\/\/lahora.mx\/index.php\/wp-json\/wp\/v2\/users\/4"}],"replies":[{"embeddable":true,"href":"https:\/\/lahora.mx\/index.php\/wp-json\/wp\/v2\/comments?post=1884"}],"version-history":[{"count":1,"href":"https:\/\/lahora.mx\/index.php\/wp-json\/wp\/v2\/posts\/1884\/revisions"}],"predecessor-version":[{"id":1886,"href":"https:\/\/lahora.mx\/index.php\/wp-json\/wp\/v2\/posts\/1884\/revisions\/1886"}],"wp:featuredmedia":[{"embeddable":true,"href":"https:\/\/lahora.mx\/index.php\/wp-json\/wp\/v2\/media\/1885"}],"wp:attachment":[{"href":"https:\/\/lahora.mx\/index.php\/wp-json\/wp\/v2\/media?parent=1884"}],"wp:term":[{"taxonomy":"category","embeddable":true,"href":"https:\/\/lahora.mx\/index.php\/wp-json\/wp\/v2\/categories?post=1884"},{"taxonomy":"post_tag","embeddable":true,"href":"https:\/\/lahora.mx\/index.php\/wp-json\/wp\/v2\/tags?post=1884"}],"curies":[{"name":"wp","href":"https:\/\/api.w.org\/{rel}","templated":true}]}}