{"id":18813,"date":"2022-12-31T20:53:31","date_gmt":"2022-12-31T20:53:31","guid":{"rendered":"http:\/\/lahora.mx\/?p=18813"},"modified":"2022-12-31T20:53:32","modified_gmt":"2022-12-31T20:53:32","slug":"vinculan-a-proceso-a-expareja-de-wendy-hellen-sandon-seguira-en-prision","status":"publish","type":"post","link":"https:\/\/lahora.mx\/index.php\/2022\/12\/31\/vinculan-a-proceso-a-expareja-de-wendy-hellen-sandon-seguira-en-prision\/","title":{"rendered":"Vinculan a proceso a expareja de Wendy Hellen Sandon , seguir\u00e1 en prisi\u00f3n"},"content":{"rendered":"\n<p>La expareja sentimental de la peruana Wendy Hellen Sandon Herrera fue vinculada a proceso y continuar\u00e1 en prisi\u00f3n. En cuanto el motivo por el cual se perpetr\u00f3 el crimen se presume que fue porque el sujeto no soport\u00f3 la ruptura sentimental con la madre de familia y empresaria.<\/p>\n\n\n\n<p>Ayer el acusado Dar\u00edo N., fue llevado a Casa de Justicia de San Andr\u00e9s Cholula, donde el juez de la causa escuch\u00f3 la participaci\u00f3n del agente del Ministerio P\u00fablico y la de la defensa del asegurado por el delito de desaparici\u00f3n cometida por particulares.<\/p>\n\n\n\n<p>El jurista hall\u00f3 suficientes datos de prueba y vincul\u00f3 a proceso al detenido, quien seguir\u00e1 recluido en el penal de San Pedro Cholula pues se orden\u00f3 que sobre \u00e9l continuar\u00e1 la medida cautelar de prisi\u00f3n preventiva oficiosa.<br>Cuatro meses de investigaci\u00f3n complementaria fue el plazo que el togado concedi\u00f3 para este asunto.<\/p>\n","protected":false},"excerpt":{"rendered":"<p>La expareja sentimental de la peruana Wendy Hellen Sandon Herrera fue vinculada a proceso y continuar\u00e1 en prisi\u00f3n. En cuanto el motivo por el cual se perpetr\u00f3 el crimen se presume que fue porque el sujeto no soport\u00f3 la ruptura sentimental con la madre de familia y empresaria. Ayer el acusado Dar\u00edo N., fue llevado [&hellip;]<\/p>\n","protected":false},"author":4,"featured_media":18815,"comment_status":"open","ping_status":"open","sticky":false,"template":"","format":"standard","meta":{"om_disable_all_campaigns":false,"_monsterinsights_skip_tracking":false,"_monsterinsights_sitenote_active":false,"_monsterinsights_sitenote_note":"","_monsterinsights_sitenote_category":0,"footnotes":""},"categories":[175,176],"tags":[195,223],"class_list":["post-18813","post","type-post","status-publish","format-standard","has-post-thumbnail","hentry","category-local","category-nacional","tag-principal","tag-puebla"],"amp_enabled":true,"_links":{"self":[{"href":"https:\/\/lahora.mx\/index.php\/wp-json\/wp\/v2\/posts\/18813","targetHints":{"allow":["GET"]}}],"collection":[{"href":"https:\/\/lahora.mx\/index.php\/wp-json\/wp\/v2\/posts"}],"about":[{"href":"https:\/\/lahora.mx\/index.php\/wp-json\/wp\/v2\/types\/post"}],"author":[{"embeddable":true,"href":"https:\/\/lahora.mx\/index.php\/wp-json\/wp\/v2\/users\/4"}],"replies":[{"embeddable":true,"href":"https:\/\/lahora.mx\/index.php\/wp-json\/wp\/v2\/comments?post=18813"}],"version-history":[{"count":1,"href":"https:\/\/lahora.mx\/index.php\/wp-json\/wp\/v2\/posts\/18813\/revisions"}],"predecessor-version":[{"id":18816,"href":"https:\/\/lahora.mx\/index.php\/wp-json\/wp\/v2\/posts\/18813\/revisions\/18816"}],"wp:featuredmedia":[{"embeddable":true,"href":"https:\/\/lahora.mx\/index.php\/wp-json\/wp\/v2\/media\/18815"}],"wp:attachment":[{"href":"https:\/\/lahora.mx\/index.php\/wp-json\/wp\/v2\/media?parent=18813"}],"wp:term":[{"taxonomy":"category","embeddable":true,"href":"https:\/\/lahora.mx\/index.php\/wp-json\/wp\/v2\/categories?post=18813"},{"taxonomy":"post_tag","embeddable":true,"href":"https:\/\/lahora.mx\/index.php\/wp-json\/wp\/v2\/tags?post=18813"}],"curies":[{"name":"wp","href":"https:\/\/api.w.org\/{rel}","templated":true}]}}