{"id":1881,"date":"2022-01-19T22:18:23","date_gmt":"2022-01-19T22:18:23","guid":{"rendered":"http:\/\/lahora.mx\/?p=1881"},"modified":"2022-01-19T22:46:45","modified_gmt":"2022-01-19T22:46:45","slug":"27-mil-baches-tapados-en-los-primeros-tres-meses-del-gobierno-de-eduardo-rivera-perez","status":"publish","type":"post","link":"https:\/\/lahora.mx\/index.php\/2022\/01\/19\/27-mil-baches-tapados-en-los-primeros-tres-meses-del-gobierno-de-eduardo-rivera-perez\/","title":{"rendered":"27 MIL BACHES TAPADOS EN LOS PRIMEROS TRES MESES DEL GOBIERNO DE EDUARDO RIVERA P\u00c9REZ"},"content":{"rendered":"<p>Desde la calle Camino Viejo a Balcones, Eduardo Rivera P\u00e9rez, Presidente Municipal de Puebla, tap\u00f3 el bache n\u00famero 27 mil y anunci\u00f3 la continuidad del \u00abPrograma de Bacheo Contigo y Con Rumbo\u00bb hasta con una inversi\u00f3n de 70 millones de pesos para que en el 2022 se alcance la reparaci\u00f3n de m\u00e1s vialidades.<\/p>\n<p>\u00abUn tema fundamental es el tema del bacheo, porque queremos hacer un trabajo preventivo antes de que lleguen a\u00fan m\u00e1s las precipitaciones pluviales\u00bb, coment\u00f3 el edil sobre los avances que se han logrado en tan s\u00f3lo tres meses de gesti\u00f3n.<\/p>\n<p>Con ello, la ciudadan\u00eda ahora transita en calles m\u00e1s accesibles y dignas, con especial atenci\u00f3n en colonias populares como Constituci\u00f3n Mexicana, ya se ha rehabilitado una superficie de pavimento equivalente a la extensi\u00f3n de 250 canchas de f\u00fatbol.<\/p>\n<p>Est\u00e1 visi\u00f3n de gobierno fue reconocida por Mario Riestra Pi\u00f1a, Diputado Federal de la Sexag\u00e9sima Quinta Legislatura del Congreso, luego de destacar que los programas del Ayuntamiento se caracterizan por impactar la calidad de vida de las familias poblanas.<\/p>\n<p>Al ritmo de trabajo con el que se ha ejecutado este programa, se estima que al final de la administraci\u00f3n se hayan reparado poco m\u00e1s de 350 mil baches, por lo que Armando Barrientos Lezama, Subsecretario de Movilidad e Infraestructura, ratific\u00f3 el compromiso de su equipo de trabajo para avanzar en la rehabilitaci\u00f3n vial de la ciudad.<\/p>\n","protected":false},"excerpt":{"rendered":"<p>Desde la calle Camino Viejo a Balcones, Eduardo Rivera P\u00e9rez, Presidente Municipal de Puebla, tap\u00f3 el bache n\u00famero 27 mil y anunci\u00f3 la continuidad del \u00abPrograma de Bacheo Contigo y Con Rumbo\u00bb hasta con una inversi\u00f3n de 70 millones de pesos para que en el 2022 se alcance la reparaci\u00f3n de m\u00e1s vialidades. \u00abUn tema [&hellip;]<\/p>\n","protected":false},"author":4,"featured_media":1882,"comment_status":"open","ping_status":"open","sticky":false,"template":"","format":"standard","meta":{"om_disable_all_campaigns":false,"_monsterinsights_skip_tracking":false,"_monsterinsights_sitenote_active":false,"_monsterinsights_sitenote_note":"","_monsterinsights_sitenote_category":0,"footnotes":""},"categories":[175],"tags":[],"class_list":["post-1881","post","type-post","status-publish","format-standard","has-post-thumbnail","hentry","category-local"],"amp_enabled":true,"_links":{"self":[{"href":"https:\/\/lahora.mx\/index.php\/wp-json\/wp\/v2\/posts\/1881","targetHints":{"allow":["GET"]}}],"collection":[{"href":"https:\/\/lahora.mx\/index.php\/wp-json\/wp\/v2\/posts"}],"about":[{"href":"https:\/\/lahora.mx\/index.php\/wp-json\/wp\/v2\/types\/post"}],"author":[{"embeddable":true,"href":"https:\/\/lahora.mx\/index.php\/wp-json\/wp\/v2\/users\/4"}],"replies":[{"embeddable":true,"href":"https:\/\/lahora.mx\/index.php\/wp-json\/wp\/v2\/comments?post=1881"}],"version-history":[{"count":1,"href":"https:\/\/lahora.mx\/index.php\/wp-json\/wp\/v2\/posts\/1881\/revisions"}],"predecessor-version":[{"id":1883,"href":"https:\/\/lahora.mx\/index.php\/wp-json\/wp\/v2\/posts\/1881\/revisions\/1883"}],"wp:featuredmedia":[{"embeddable":true,"href":"https:\/\/lahora.mx\/index.php\/wp-json\/wp\/v2\/media\/1882"}],"wp:attachment":[{"href":"https:\/\/lahora.mx\/index.php\/wp-json\/wp\/v2\/media?parent=1881"}],"wp:term":[{"taxonomy":"category","embeddable":true,"href":"https:\/\/lahora.mx\/index.php\/wp-json\/wp\/v2\/categories?post=1881"},{"taxonomy":"post_tag","embeddable":true,"href":"https:\/\/lahora.mx\/index.php\/wp-json\/wp\/v2\/tags?post=1881"}],"curies":[{"name":"wp","href":"https:\/\/api.w.org\/{rel}","templated":true}]}}