{"id":18807,"date":"2022-12-31T20:44:53","date_gmt":"2022-12-31T20:44:53","guid":{"rendered":"http:\/\/lahora.mx\/?p=18807"},"modified":"2022-12-31T20:44:54","modified_gmt":"2022-12-31T20:44:54","slug":"hombre-en-estado-de-ebriedad-rompe-cristales-y-vandaliza-imss-de-sinaloa","status":"publish","type":"post","link":"https:\/\/lahora.mx\/index.php\/2022\/12\/31\/hombre-en-estado-de-ebriedad-rompe-cristales-y-vandaliza-imss-de-sinaloa\/","title":{"rendered":"Hombre en estado de ebriedad rompe cristales y vandaliza IMSS de Sinaloa"},"content":{"rendered":"\n<p>En el Hospital n\u00famero treinta del Instituto Mexicano del Seguro Social del municipio de Salvador Alvarado, un joven de 19 a\u00f1os de edad, en visible estado de ebriedad rompi\u00f3 los cristales de acceso, vandaliz\u00f3 el interior del inmueble por lo que tuvo que ser controlado y curadas sus heridas.<\/p>\n\n\n\n<p>La Polic\u00eda Municipal de la ciudad de Guam\u00fachil, en Salvador Alvarado identific\u00f3 al joven como Juli\u00e1n \u201cN\u201d, de 19 a\u00f1os de edad, vecino de la colonia Insurgentes, quien ebrio y en forma imprevista con los pu\u00f1os golpeo en repetidas ocasiones los cristales de la puerta del hospital.<\/p>\n\n\n\n<p>El personal de seguridad p\u00fablica que logr\u00f3 someterlo, tuvo que llevarlo al \u00e1rea de urgencias del Seguro Social para que la atendieran las heridas que se caus\u00f3 al romper los cristales del hospital y despu\u00e9s fue enviado a barandilla.<\/p>\n\n\n\n<p>Se dio a conocer que la actitud del joven causo temor entre el personal m\u00e9dico, enfermeras y pacientes del nosocomio, puesto que este ingres\u00f3 lleno de sangre por las heridas que el mismo se provoc\u00f3 al romper la puerta, puesto que este recorri\u00f3 varias \u00e1reas del nosocomio.<\/p>\n","protected":false},"excerpt":{"rendered":"<p>En el Hospital n\u00famero treinta del Instituto Mexicano del Seguro Social del municipio de Salvador Alvarado, un joven de 19 a\u00f1os de edad, en visible estado de ebriedad rompi\u00f3 los cristales de acceso, vandaliz\u00f3 el interior del inmueble por lo que tuvo que ser controlado y curadas sus heridas. La Polic\u00eda Municipal de la ciudad [&hellip;]<\/p>\n","protected":false},"author":4,"featured_media":18808,"comment_status":"open","ping_status":"open","sticky":false,"template":"","format":"standard","meta":{"om_disable_all_campaigns":false,"_monsterinsights_skip_tracking":false,"_monsterinsights_sitenote_active":false,"_monsterinsights_sitenote_note":"","_monsterinsights_sitenote_category":0,"footnotes":""},"categories":[176],"tags":[],"class_list":["post-18807","post","type-post","status-publish","format-standard","has-post-thumbnail","hentry","category-nacional"],"amp_enabled":true,"_links":{"self":[{"href":"https:\/\/lahora.mx\/index.php\/wp-json\/wp\/v2\/posts\/18807","targetHints":{"allow":["GET"]}}],"collection":[{"href":"https:\/\/lahora.mx\/index.php\/wp-json\/wp\/v2\/posts"}],"about":[{"href":"https:\/\/lahora.mx\/index.php\/wp-json\/wp\/v2\/types\/post"}],"author":[{"embeddable":true,"href":"https:\/\/lahora.mx\/index.php\/wp-json\/wp\/v2\/users\/4"}],"replies":[{"embeddable":true,"href":"https:\/\/lahora.mx\/index.php\/wp-json\/wp\/v2\/comments?post=18807"}],"version-history":[{"count":1,"href":"https:\/\/lahora.mx\/index.php\/wp-json\/wp\/v2\/posts\/18807\/revisions"}],"predecessor-version":[{"id":18809,"href":"https:\/\/lahora.mx\/index.php\/wp-json\/wp\/v2\/posts\/18807\/revisions\/18809"}],"wp:featuredmedia":[{"embeddable":true,"href":"https:\/\/lahora.mx\/index.php\/wp-json\/wp\/v2\/media\/18808"}],"wp:attachment":[{"href":"https:\/\/lahora.mx\/index.php\/wp-json\/wp\/v2\/media?parent=18807"}],"wp:term":[{"taxonomy":"category","embeddable":true,"href":"https:\/\/lahora.mx\/index.php\/wp-json\/wp\/v2\/categories?post=18807"},{"taxonomy":"post_tag","embeddable":true,"href":"https:\/\/lahora.mx\/index.php\/wp-json\/wp\/v2\/tags?post=18807"}],"curies":[{"name":"wp","href":"https:\/\/api.w.org\/{rel}","templated":true}]}}