{"id":18796,"date":"2022-12-30T23:07:43","date_gmt":"2022-12-30T23:07:43","guid":{"rendered":"http:\/\/lahora.mx\/?p=18796"},"modified":"2022-12-30T23:07:43","modified_gmt":"2022-12-30T23:07:43","slug":"brinda-el-centro-de-justicia-atencion-especializada-a-mujeres-huamantla","status":"publish","type":"post","link":"https:\/\/lahora.mx\/index.php\/2022\/12\/30\/brinda-el-centro-de-justicia-atencion-especializada-a-mujeres-huamantla\/","title":{"rendered":"Brinda el centro de justicia atenci\u00f3n especializada a mujeres Huamantla"},"content":{"rendered":"\n<p>El Centro de Justicia para las Mujeres de la Procuradur\u00eda General de Justicia del Estado, brind\u00f3 atenci\u00f3n especializada p\u00fablica y gratuita a m\u00e1s de 70 mujeres en un m\u00f3dulo ubicado en el Parque Ju\u00e1rez de la ciudad de Huamantla.<\/p>\n\n\n\n<p>Las acciones estuvieron dirigidas a mujeres y ni\u00f1as del Pueblo M\u00e1gico entre las que se incluy\u00f3, atenci\u00f3n m\u00e9dica general, trabajo social, asesor\u00eda y acompa\u00f1amiento en el \u00e1rea l\u00fadica, legal, psicol\u00f3gica, as\u00ed como pl\u00e1ticas de empoderamiento. En ese sentido, el servicio tambi\u00e9n ayuda a detectar casos que requieran una atenci\u00f3n mayor o, de ser necesario, que las mujeres con alguna situaci\u00f3n espec\u00edfica sean canalizadas a las \u00e1reas correspondientes.<\/p>\n\n\n\n<p>De esta forma el gobierno que encabeza Salvador Santos Cedillo, promueve acciones para trabajar de manera coordinada con los tres \u00f3rdenes de gobierno para procurar el bienestar de las mujeres y proteger sus derechos a trav\u00e9s de la informaci\u00f3n, un adecuado asesoramiento o espacios seguros, como son los \u201cPuntos Naranjas\u201d que ya cuenta con m\u00e1s de 80 sitios en la cabecera municipal y las 39 comunidades.<\/p>\n","protected":false},"excerpt":{"rendered":"<p>El Centro de Justicia para las Mujeres de la Procuradur\u00eda General de Justicia del Estado, brind\u00f3 atenci\u00f3n especializada p\u00fablica y gratuita a m\u00e1s de 70 mujeres en un m\u00f3dulo ubicado en el Parque Ju\u00e1rez de la ciudad de Huamantla. Las acciones estuvieron dirigidas a mujeres y ni\u00f1as del Pueblo M\u00e1gico entre las que se incluy\u00f3, [&hellip;]<\/p>\n","protected":false},"author":4,"featured_media":18798,"comment_status":"open","ping_status":"open","sticky":false,"template":"","format":"standard","meta":{"om_disable_all_campaigns":false,"_monsterinsights_skip_tracking":false,"_monsterinsights_sitenote_active":false,"_monsterinsights_sitenote_note":"","_monsterinsights_sitenote_category":0,"footnotes":""},"categories":[175],"tags":[223,210],"class_list":["post-18796","post","type-post","status-publish","format-standard","has-post-thumbnail","hentry","category-local","tag-puebla","tag-tlaxcala"],"amp_enabled":true,"_links":{"self":[{"href":"https:\/\/lahora.mx\/index.php\/wp-json\/wp\/v2\/posts\/18796","targetHints":{"allow":["GET"]}}],"collection":[{"href":"https:\/\/lahora.mx\/index.php\/wp-json\/wp\/v2\/posts"}],"about":[{"href":"https:\/\/lahora.mx\/index.php\/wp-json\/wp\/v2\/types\/post"}],"author":[{"embeddable":true,"href":"https:\/\/lahora.mx\/index.php\/wp-json\/wp\/v2\/users\/4"}],"replies":[{"embeddable":true,"href":"https:\/\/lahora.mx\/index.php\/wp-json\/wp\/v2\/comments?post=18796"}],"version-history":[{"count":1,"href":"https:\/\/lahora.mx\/index.php\/wp-json\/wp\/v2\/posts\/18796\/revisions"}],"predecessor-version":[{"id":18799,"href":"https:\/\/lahora.mx\/index.php\/wp-json\/wp\/v2\/posts\/18796\/revisions\/18799"}],"wp:featuredmedia":[{"embeddable":true,"href":"https:\/\/lahora.mx\/index.php\/wp-json\/wp\/v2\/media\/18798"}],"wp:attachment":[{"href":"https:\/\/lahora.mx\/index.php\/wp-json\/wp\/v2\/media?parent=18796"}],"wp:term":[{"taxonomy":"category","embeddable":true,"href":"https:\/\/lahora.mx\/index.php\/wp-json\/wp\/v2\/categories?post=18796"},{"taxonomy":"post_tag","embeddable":true,"href":"https:\/\/lahora.mx\/index.php\/wp-json\/wp\/v2\/tags?post=18796"}],"curies":[{"name":"wp","href":"https:\/\/api.w.org\/{rel}","templated":true}]}}