{"id":18790,"date":"2022-12-30T22:58:44","date_gmt":"2022-12-30T22:58:44","guid":{"rendered":"http:\/\/lahora.mx\/?p=18790"},"modified":"2022-12-30T22:58:45","modified_gmt":"2022-12-30T22:58:45","slug":"aplicarse-vacuna-de-refuerzo-contra-covid-19-el-llamado-de-autoridades-de-tlaxcala","status":"publish","type":"post","link":"https:\/\/lahora.mx\/index.php\/2022\/12\/30\/aplicarse-vacuna-de-refuerzo-contra-covid-19-el-llamado-de-autoridades-de-tlaxcala\/","title":{"rendered":"Aplicarse vacuna de refuerzo contra Covid-19, el llamado de autoridades de Tlaxcala"},"content":{"rendered":"\n<p>El Gobierno del Estado, a trav\u00e9s del sector Salud y en coordinaci\u00f3n con la delegaci\u00f3n de la Secretar\u00eda de Bienestar del gobierno federal, hacen un llamado a la poblaci\u00f3n tlaxcalteca para que acuda a los m\u00f3dulos de vacunaci\u00f3n a recibir la primera dosis o refuerzo contra Covid-19.<\/p>\n\n\n\n<p>Continuar\u00e1 aplicaci\u00f3n de refuerzo universal de vacuna contra Covid a adultos mayores<br>Para ello, fueron instalados 10 puntos de inoculaci\u00f3n en ocho municipios del estado, con la finalidad de acercar el biol\u00f3gico Abdala a las personas de m\u00e1s de 18 y 60 a\u00f1os de edad, que cuenta con la preaprobaci\u00f3n de la Organizaci\u00f3n Mundial de la Salud (OMS), con una eficacia del 98.1 por ciento y la cual ha sido aplicada en pa\u00edses como Venezuela, Cuba, Nicaragua y Vietnam.<\/p>\n\n\n\n<p>Fueron instalados 10 puntos de inoculaci\u00f3n en ocho municipios del estado. Cortes\u00eda | Gobierno del Estado<\/p>\n\n\n\n<p>En cuanto a los infantes de 5 a 11 a\u00f1os de edad. recibir\u00e1n la vacuna pedi\u00e1trica de Pfizer.<\/p>\n\n\n\n<p>Las autoridades estatales y federales recomendaron acudir a los centros de vacunaci\u00f3n para prevenir complicaciones ante la presente temporada de bajas temperaturas y el incremento de contagios.<\/p>\n\n\n\n<p>Este mi\u00e9rcoles 28 de noviembre los m\u00f3dulos estar\u00e1n instalados en un horario de 9:00 a 15:00 horas en el Centro de Salud Urbano y la Unidad Deportiva Pr\u00f3spero Cahuantzi (ESPI), de Chiautempan; as\u00ed como en el auditorio municipal de Ayometla, donde aplicar\u00e1n el refuerzo a personas adultas mayores de 60 a\u00f1os y primeras dosis a personas de 18 a\u00f1os en adelante que no han recibido ninguna otra vacuna contra Covid-19.<\/p>\n\n\n\n<p>De igual forma, en el polideportivo de Zacatelco y el auditorio municipal de Papalotla de las 9:00 a 16:00 horas colocar\u00e1n el refuerzo a personas adultas mayores de 60 a\u00f1os, primeras dosis a personas de 18 a\u00f1os en adelante que no han sido vacunados, y primeras y segundas dosis a infantes de 5 a 11 a\u00f1os de edad.<\/p>\n\n\n\n<p>El jueves 29 de diciembre en el Centro de Salud de Acuamanala de las 9:00 a las 15:00 horas y en el auditorio municipal de Teolocholco de las 9:00 a las 16:00 horas, se aplicar\u00e1 el refuerzo a personas adultas mayores de 60 a\u00f1os y primeras dosis a personas de 18 a\u00f1os en adelante que no han recibido ninguna otra vacuna contra Covid-19.<\/p>\n\n\n\n<p>Adem\u00e1s, los puntos fijos instalados en los Centros de Salud Urbanos de Tlaxcala, Huamantla y Apizaco permanecer\u00e1n abiertos hasta el 31 de diciembre en un horario de 9:00 a 16:00 horas; en la capital inocular\u00e1n con el refuerzo a personas adultas mayores de 60 a\u00f1os, con primeras dosis a personas de 18 a\u00f1os en adelante que no han sido vacunados, y con primeras y segundas dosis a infantes de 5 a 11 a\u00f1os de edad.<\/p>\n\n\n\n<p>Mientras que, en la ciudad rielera \u00fanicamente ser\u00e1n vacunados con primeras y segundas dosis los menores de 5 a 11 a\u00f1os de edad y en Huamantla primeras y segundas de infantes de 5 a 11 a\u00f1os de edad, as\u00ed como el refuerzo a personas de 60 a\u00f1os en adelante.<\/p>\n\n\n\n<p>Las personas que acudan a los puntos de vacunaci\u00f3n deben presentar comprobantes de las dosis que ya tienen aplicadas, en caso de contar ellas; la hoja de registro para el refuerzo que se obtiene desde la p\u00e1gina https:\/\/mivacuna.salud.gob.mx, identificaci\u00f3n oficial con fotograf\u00eda, CURP, comprobante de domicilio original no mayor a tres meses, as\u00ed como la carta de consentimiento para los menores de edad.<\/p>\n","protected":false},"excerpt":{"rendered":"<p>El Gobierno del Estado, a trav\u00e9s del sector Salud y en coordinaci\u00f3n con la delegaci\u00f3n de la Secretar\u00eda de Bienestar del gobierno federal, hacen un llamado a la poblaci\u00f3n tlaxcalteca para que acuda a los m\u00f3dulos de vacunaci\u00f3n a recibir la primera dosis o refuerzo contra Covid-19. Continuar\u00e1 aplicaci\u00f3n de refuerzo universal de vacuna contra [&hellip;]<\/p>\n","protected":false},"author":4,"featured_media":18791,"comment_status":"open","ping_status":"open","sticky":false,"template":"","format":"standard","meta":{"om_disable_all_campaigns":false,"_monsterinsights_skip_tracking":false,"_monsterinsights_sitenote_active":false,"_monsterinsights_sitenote_note":"","_monsterinsights_sitenote_category":0,"footnotes":""},"categories":[175],"tags":[223,210],"class_list":["post-18790","post","type-post","status-publish","format-standard","has-post-thumbnail","hentry","category-local","tag-puebla","tag-tlaxcala"],"amp_enabled":true,"_links":{"self":[{"href":"https:\/\/lahora.mx\/index.php\/wp-json\/wp\/v2\/posts\/18790","targetHints":{"allow":["GET"]}}],"collection":[{"href":"https:\/\/lahora.mx\/index.php\/wp-json\/wp\/v2\/posts"}],"about":[{"href":"https:\/\/lahora.mx\/index.php\/wp-json\/wp\/v2\/types\/post"}],"author":[{"embeddable":true,"href":"https:\/\/lahora.mx\/index.php\/wp-json\/wp\/v2\/users\/4"}],"replies":[{"embeddable":true,"href":"https:\/\/lahora.mx\/index.php\/wp-json\/wp\/v2\/comments?post=18790"}],"version-history":[{"count":1,"href":"https:\/\/lahora.mx\/index.php\/wp-json\/wp\/v2\/posts\/18790\/revisions"}],"predecessor-version":[{"id":18792,"href":"https:\/\/lahora.mx\/index.php\/wp-json\/wp\/v2\/posts\/18790\/revisions\/18792"}],"wp:featuredmedia":[{"embeddable":true,"href":"https:\/\/lahora.mx\/index.php\/wp-json\/wp\/v2\/media\/18791"}],"wp:attachment":[{"href":"https:\/\/lahora.mx\/index.php\/wp-json\/wp\/v2\/media?parent=18790"}],"wp:term":[{"taxonomy":"category","embeddable":true,"href":"https:\/\/lahora.mx\/index.php\/wp-json\/wp\/v2\/categories?post=18790"},{"taxonomy":"post_tag","embeddable":true,"href":"https:\/\/lahora.mx\/index.php\/wp-json\/wp\/v2\/tags?post=18790"}],"curies":[{"name":"wp","href":"https:\/\/api.w.org\/{rel}","templated":true}]}}