{"id":18779,"date":"2022-12-30T18:53:03","date_gmt":"2022-12-30T18:53:03","guid":{"rendered":"http:\/\/lahora.mx\/?p=18779"},"modified":"2022-12-30T18:53:03","modified_gmt":"2022-12-30T18:53:03","slug":"en-caso-ciro-gomez-leyva-se-tiene-la-ubicacion-de-agresores-sheinbaum","status":"publish","type":"post","link":"https:\/\/lahora.mx\/index.php\/2022\/12\/30\/en-caso-ciro-gomez-leyva-se-tiene-la-ubicacion-de-agresores-sheinbaum\/","title":{"rendered":"En caso Ciro G\u00f3mez Leyva se tiene la ubicaci\u00f3n de agresores: Sheinbaum"},"content":{"rendered":"\n<p>La investigaci\u00f3n por el ataque contra Ciro G\u00f3mez Leyva, ocurrido el pasado 15 de diciembre y del cual sali\u00f3 ileso, contin\u00faa y la jefa de Gobierno, Claudia Sheinbaum, present\u00f3 hoy 30 de diciembre algunos avances al revelar que se cuenta con una ubicaci\u00f3n de los autores materiales y de uno de los veh\u00edculos involucrados.<\/p>\n\n\n\n<p>En la conferencia del presidente Andr\u00e9s Manuel L\u00f3pez Obrador, Sheinbaum dijo que se tiene la ubicaci\u00f3n de un auto que sigui\u00f3 al periodista no s\u00f3lo el d\u00eda del ataque, sino en d\u00edas previos a los hechos.<\/p>\n\n\n\n<p>\u201cUno de los autos se conoce que no s\u00f3lo lo sigui\u00f3 ese d\u00eda sino algunos d\u00edas anteriores. Hay una ubicaci\u00f3n de d\u00f3nde est\u00e1 este veh\u00edculo y de las personas, digamos de los autores materiales\u201d, dijo Sheinbaum.<\/p>\n\n\n\n<p>Adem\u00e1s, asegur\u00f3 que se tienen identificados m\u00e1s veh\u00edculos involucrados en el atentado contra el comunicador, quien sobrevivi\u00f3 gracias al blindaje de la camioneta que manejaba. El ataque ocurri\u00f3 a unos metros de llegar a su casa tras terminar su noticiero en Imagen Televisi\u00f3n.<\/p>\n\n\n\n<p>La jefa de Gobierno dijo que hay un trabajo conjunto con la Secretar\u00eda de Seguridad y Protecci\u00f3n Ciudadana y se trabaja con las im\u00e1genes del C5, adem\u00e1s de que la fiscal\u00eda de la Ciudad de M\u00e9xico es la que est\u00e1 a cargo de la investigaci\u00f3n.<\/p>\n\n\n\n<p>\u201cNo quisiera decir m\u00e1s porque evidentemente hay decrec\u00eda en la investigaci\u00f3n porque se requiere, pero nuestro compromiso es que esto no va a quedar impune\u201d, puntualiz\u00f3.<\/p>\n\n\n\n<p>Previamente el presidente Andr\u00e9s Manuel L\u00f3pez Obrador hab\u00eda solicitado a la jefa de Gobierno que no se dejara la investigaci\u00f3n sobre el ataque contra Ciro G\u00f3mez Leyva ya que se trata de \u201cun asunto muy importante\u201d.<\/p>\n\n\n\n<p>\u201cDe manera respetuosa le pido que no se deje la investigaci\u00f3n con lo sucedido a Ciro, yo quiero estar informando aqu\u00ed porque es un asunto muy importante, no lo podemos dejar porque ninguna sospecha, nosotros no reprimimos a nadie y queremos saber qu\u00e9 sucedi\u00f3\u201d, dijo el presidente.<\/p>\n","protected":false},"excerpt":{"rendered":"<p>La investigaci\u00f3n por el ataque contra Ciro G\u00f3mez Leyva, ocurrido el pasado 15 de diciembre y del cual sali\u00f3 ileso, contin\u00faa y la jefa de Gobierno, Claudia Sheinbaum, present\u00f3 hoy 30 de diciembre algunos avances al revelar que se cuenta con una ubicaci\u00f3n de los autores materiales y de uno de los veh\u00edculos involucrados. En [&hellip;]<\/p>\n","protected":false},"author":4,"featured_media":18780,"comment_status":"open","ping_status":"open","sticky":false,"template":"","format":"standard","meta":{"om_disable_all_campaigns":false,"_monsterinsights_skip_tracking":false,"_monsterinsights_sitenote_active":false,"_monsterinsights_sitenote_note":"","_monsterinsights_sitenote_category":0,"footnotes":""},"categories":[176],"tags":[],"class_list":["post-18779","post","type-post","status-publish","format-standard","has-post-thumbnail","hentry","category-nacional"],"amp_enabled":true,"_links":{"self":[{"href":"https:\/\/lahora.mx\/index.php\/wp-json\/wp\/v2\/posts\/18779","targetHints":{"allow":["GET"]}}],"collection":[{"href":"https:\/\/lahora.mx\/index.php\/wp-json\/wp\/v2\/posts"}],"about":[{"href":"https:\/\/lahora.mx\/index.php\/wp-json\/wp\/v2\/types\/post"}],"author":[{"embeddable":true,"href":"https:\/\/lahora.mx\/index.php\/wp-json\/wp\/v2\/users\/4"}],"replies":[{"embeddable":true,"href":"https:\/\/lahora.mx\/index.php\/wp-json\/wp\/v2\/comments?post=18779"}],"version-history":[{"count":1,"href":"https:\/\/lahora.mx\/index.php\/wp-json\/wp\/v2\/posts\/18779\/revisions"}],"predecessor-version":[{"id":18781,"href":"https:\/\/lahora.mx\/index.php\/wp-json\/wp\/v2\/posts\/18779\/revisions\/18781"}],"wp:featuredmedia":[{"embeddable":true,"href":"https:\/\/lahora.mx\/index.php\/wp-json\/wp\/v2\/media\/18780"}],"wp:attachment":[{"href":"https:\/\/lahora.mx\/index.php\/wp-json\/wp\/v2\/media?parent=18779"}],"wp:term":[{"taxonomy":"category","embeddable":true,"href":"https:\/\/lahora.mx\/index.php\/wp-json\/wp\/v2\/categories?post=18779"},{"taxonomy":"post_tag","embeddable":true,"href":"https:\/\/lahora.mx\/index.php\/wp-json\/wp\/v2\/tags?post=18779"}],"curies":[{"name":"wp","href":"https:\/\/api.w.org\/{rel}","templated":true}]}}