{"id":18776,"date":"2022-12-30T18:00:01","date_gmt":"2022-12-30T18:00:01","guid":{"rendered":"http:\/\/lahora.mx\/?p=18776"},"modified":"2022-12-30T18:00:02","modified_gmt":"2022-12-30T18:00:02","slug":"sitaudi-prorroga-huelga-en-audi-por-revision-salarial","status":"publish","type":"post","link":"https:\/\/lahora.mx\/index.php\/2022\/12\/30\/sitaudi-prorroga-huelga-en-audi-por-revision-salarial\/","title":{"rendered":"Sitaudi prorroga huelga en Audi por revisi\u00f3n salarial"},"content":{"rendered":"\n<p>El Sindicato Independiente de Trabajadores de Audi (Sitaudi) prorrog\u00f3 al 11 de enero de 2023 el emplazamiento a huelga al continuar las negociaciones sobre su contrato colectivo con representantes de la armadora alemana.<\/p>\n\n\n\n<p>Inicialmente, la huelga en Audi estaba programada para el domingo 1 de enero, sin embargo, los representantes de la empresa y los l\u00edderes sindicales decidieron prorrogarla 10 d\u00edas m\u00e1s.<br>Durante este lapso, Sitaudi y la compa\u00f1\u00eda de los cuatro aros continuar\u00e1n con las mesas de trabajo para la elaboraci\u00f3n del contrato colectivo de trabajo correspondiente a 2023 que favorezca a ambas partes.<\/p>\n\n\n\n<p>Sin embargo, los representantes del sindicado consideraron que los di\u00e1logos con la empresa supervisadas por el Centro Federal de Conciliaci\u00f3n y Registro Laboral y en el Tribunal Laboral Federal de Asuntos Colectivos no han sido productivas al no tener un ofrecimiento formal por parte de Audi.<\/p>\n\n\n\n<p>Al momento, Sitaudi ha rechazado dos propuestas de aumento salarial en Audi, la primera del 8.4 por ciento y la segunda del 9.4 por ciento, esto al considerar que dichos incrementos son inferiores a la inflaci\u00f3n anual.<\/p>\n","protected":false},"excerpt":{"rendered":"<p>El Sindicato Independiente de Trabajadores de Audi (Sitaudi) prorrog\u00f3 al 11 de enero de 2023 el emplazamiento a huelga al continuar las negociaciones sobre su contrato colectivo con representantes de la armadora alemana. Inicialmente, la huelga en Audi estaba programada para el domingo 1 de enero, sin embargo, los representantes de la empresa y los [&hellip;]<\/p>\n","protected":false},"author":4,"featured_media":18777,"comment_status":"open","ping_status":"open","sticky":false,"template":"","format":"standard","meta":{"om_disable_all_campaigns":false,"_monsterinsights_skip_tracking":false,"_monsterinsights_sitenote_active":false,"_monsterinsights_sitenote_note":"","_monsterinsights_sitenote_category":0,"footnotes":""},"categories":[175],"tags":[195,223],"class_list":["post-18776","post","type-post","status-publish","format-standard","has-post-thumbnail","hentry","category-local","tag-principal","tag-puebla"],"amp_enabled":true,"_links":{"self":[{"href":"https:\/\/lahora.mx\/index.php\/wp-json\/wp\/v2\/posts\/18776","targetHints":{"allow":["GET"]}}],"collection":[{"href":"https:\/\/lahora.mx\/index.php\/wp-json\/wp\/v2\/posts"}],"about":[{"href":"https:\/\/lahora.mx\/index.php\/wp-json\/wp\/v2\/types\/post"}],"author":[{"embeddable":true,"href":"https:\/\/lahora.mx\/index.php\/wp-json\/wp\/v2\/users\/4"}],"replies":[{"embeddable":true,"href":"https:\/\/lahora.mx\/index.php\/wp-json\/wp\/v2\/comments?post=18776"}],"version-history":[{"count":1,"href":"https:\/\/lahora.mx\/index.php\/wp-json\/wp\/v2\/posts\/18776\/revisions"}],"predecessor-version":[{"id":18778,"href":"https:\/\/lahora.mx\/index.php\/wp-json\/wp\/v2\/posts\/18776\/revisions\/18778"}],"wp:featuredmedia":[{"embeddable":true,"href":"https:\/\/lahora.mx\/index.php\/wp-json\/wp\/v2\/media\/18777"}],"wp:attachment":[{"href":"https:\/\/lahora.mx\/index.php\/wp-json\/wp\/v2\/media?parent=18776"}],"wp:term":[{"taxonomy":"category","embeddable":true,"href":"https:\/\/lahora.mx\/index.php\/wp-json\/wp\/v2\/categories?post=18776"},{"taxonomy":"post_tag","embeddable":true,"href":"https:\/\/lahora.mx\/index.php\/wp-json\/wp\/v2\/tags?post=18776"}],"curies":[{"name":"wp","href":"https:\/\/api.w.org\/{rel}","templated":true}]}}