{"id":18773,"date":"2022-12-30T17:55:04","date_gmt":"2022-12-30T17:55:04","guid":{"rendered":"http:\/\/lahora.mx\/?p=18773"},"modified":"2022-12-30T17:55:05","modified_gmt":"2022-12-30T17:55:05","slug":"tres-asaltantes-son-capturados-en-puebla","status":"publish","type":"post","link":"https:\/\/lahora.mx\/index.php\/2022\/12\/30\/tres-asaltantes-son-capturados-en-puebla\/","title":{"rendered":"Tres asaltantes son capturados en Puebla"},"content":{"rendered":"\n<p>Tres sujetos a bordo de un veh\u00edculo particular fueron perseguidos, alcanzados y detenidos luego de que fueran acusados de asaltar a pasajeros de la ruta 45 en el Infonavit La Margarita.<\/p>\n\n\n\n<p>Este 30 de diciembre por la ma\u00f1ana, seg\u00fan la denuncia de los afectados, ocho hombres subieron la unidad 32 de la mencionada ruta sobre la avenida Fidel Vel\u00e1zquez.<br>Instantes despu\u00e9s con lujo de violencia sometieron a los pasajeros para quitarles relojes, celulares y varios objetos de valor.<\/p>\n\n\n\n<p>Una vez que consiguieron su objetivo se dieron a la fuga en diferentes veh\u00edculos, entre ellos un autom\u00f3vil rojo. Los agraviados de inmediato solicitaron el apoyo de las autoridades policiacas.<\/p>\n\n\n\n<p>Agentes de la Secretar\u00eda de Seguridad Ciudadana (SSC) del municipio de Puebla se movilizaron al lugar de los hechos y despu\u00e9s de obtener las caracter\u00edsticas de los ladrones iniciaron un operativo de b\u00fasqueda hasta que lograron ubicar a los delincuentes.<br>Fue as\u00ed como se desat\u00f3 una persecuci\u00f3n que termin\u00f3 en la calle 24 Sur y avenida Las Torres, donde los oficiales capturaron a los asaltantes y aseguraron el veh\u00edculo en el que se escapaban para la posterior puesta a disposici\u00f3n de los sujetos y de la unidad.<\/p>\n\n\n\n<p>Poco despu\u00e9s tambi\u00e9n se alert\u00f3 sobre un segundo asalto, pero ahora a pasajeros de la ruta 50, sin embargo, no se precis\u00f3 en qu\u00e9 zona y tampoco se habl\u00f3 de alg\u00fan detenido.<\/p>\n","protected":false},"excerpt":{"rendered":"<p>Tres sujetos a bordo de un veh\u00edculo particular fueron perseguidos, alcanzados y detenidos luego de que fueran acusados de asaltar a pasajeros de la ruta 45 en el Infonavit La Margarita. Este 30 de diciembre por la ma\u00f1ana, seg\u00fan la denuncia de los afectados, ocho hombres subieron la unidad 32 de la mencionada ruta sobre [&hellip;]<\/p>\n","protected":false},"author":4,"featured_media":18774,"comment_status":"open","ping_status":"open","sticky":false,"template":"","format":"standard","meta":{"om_disable_all_campaigns":false,"_monsterinsights_skip_tracking":false,"_monsterinsights_sitenote_active":false,"_monsterinsights_sitenote_note":"","_monsterinsights_sitenote_category":0,"footnotes":""},"categories":[175,226],"tags":[223],"class_list":["post-18773","post","type-post","status-publish","format-standard","has-post-thumbnail","hentry","category-local","category-policia","tag-puebla"],"amp_enabled":true,"_links":{"self":[{"href":"https:\/\/lahora.mx\/index.php\/wp-json\/wp\/v2\/posts\/18773","targetHints":{"allow":["GET"]}}],"collection":[{"href":"https:\/\/lahora.mx\/index.php\/wp-json\/wp\/v2\/posts"}],"about":[{"href":"https:\/\/lahora.mx\/index.php\/wp-json\/wp\/v2\/types\/post"}],"author":[{"embeddable":true,"href":"https:\/\/lahora.mx\/index.php\/wp-json\/wp\/v2\/users\/4"}],"replies":[{"embeddable":true,"href":"https:\/\/lahora.mx\/index.php\/wp-json\/wp\/v2\/comments?post=18773"}],"version-history":[{"count":1,"href":"https:\/\/lahora.mx\/index.php\/wp-json\/wp\/v2\/posts\/18773\/revisions"}],"predecessor-version":[{"id":18775,"href":"https:\/\/lahora.mx\/index.php\/wp-json\/wp\/v2\/posts\/18773\/revisions\/18775"}],"wp:featuredmedia":[{"embeddable":true,"href":"https:\/\/lahora.mx\/index.php\/wp-json\/wp\/v2\/media\/18774"}],"wp:attachment":[{"href":"https:\/\/lahora.mx\/index.php\/wp-json\/wp\/v2\/media?parent=18773"}],"wp:term":[{"taxonomy":"category","embeddable":true,"href":"https:\/\/lahora.mx\/index.php\/wp-json\/wp\/v2\/categories?post=18773"},{"taxonomy":"post_tag","embeddable":true,"href":"https:\/\/lahora.mx\/index.php\/wp-json\/wp\/v2\/tags?post=18773"}],"curies":[{"name":"wp","href":"https:\/\/api.w.org\/{rel}","templated":true}]}}