{"id":18762,"date":"2022-12-29T22:37:25","date_gmt":"2022-12-29T22:37:25","guid":{"rendered":"http:\/\/lahora.mx\/?p=18762"},"modified":"2022-12-29T22:37:25","modified_gmt":"2022-12-29T22:37:25","slug":"quedan-dos-dias-para-cambiar-tu-credito-de-vsm-a-pesos","status":"publish","type":"post","link":"https:\/\/lahora.mx\/index.php\/2022\/12\/29\/quedan-dos-dias-para-cambiar-tu-credito-de-vsm-a-pesos\/","title":{"rendered":"Quedan dos d\u00edas para cambiar tu cr\u00e9dito de VSM a pesos"},"content":{"rendered":"\n<p>Quedan dos d\u00edas para que las personas hagan uso del programa Responsabilidad Compartida y eviten aumentos en sus cr\u00e9ditos del Instituto del Fondo Nacional de la Vivienda para los Trabajadores (Infonavit).<\/p>\n\n\n\n<p>Ser\u00e1 hasta antes del 31 de diciembre cuando los derechohabientes puedan cambiar sus cr\u00e9ditos de Veces Salario M\u00ednimo a pesos, ya que aquellos que no lo hagan, ver\u00e1n incrementos en su deuda hipotecaria a partir del 2023, debido al alza del 20 por ciento en el salario m\u00ednimo y la inflaci\u00f3n.<\/p>\n\n\n\n<p>De acuerdo con el instituto, todas las personas podr\u00e1n realizar la conversi\u00f3n de forma gratuita, f\u00e1cil y segura a trav\u00e9s de Mi Cuenta Infonavit (micuenta.infonavit.org.mx).<\/p>\n\n\n\n<p>Es importante mencionar que al realizar la conversi\u00f3n, los acreditados tendr\u00e1n mensualidades y saldos fijos durante todo el plazo del cr\u00e9dito, sin incrementos anuales.<\/p>\n\n\n\n<p>Adem\u00e1s, las tasas de inter\u00e9s quedar\u00e1n congeladas, es decir, solo ir\u00e1n del 1 por ciento al 10.45 por ciento, dependiendo del nivel de ingreso que tengan los trabajadores.<\/p>\n\n\n\n<p>Para realizar el tr\u00e1mite solo se necesitan llevar a cabo cinco pasos sencillos. El primero es acceder a Mi Cuenta Infonavit y posteriormente elegir la pesta\u00f1a Mi Cr\u00e9dito y despu\u00e9s Responsabilidad Compartida.<\/p>\n\n\n\n<p>De manera inmediata, se debe ingresar el estado y el c\u00f3digo postal en donde se encuentra la vivienda; hacer clic en Tr\u00e1mite y seleccionar la columna de Responsabilidad Compartida.<\/p>\n\n\n\n<p>Finalmente, se debe confirmar el tr\u00e1mite, guardar e imprimir el acuse con el monto de la mensualidad fija con la conversi\u00f3n a pesos.<\/p>\n","protected":false},"excerpt":{"rendered":"<p>Quedan dos d\u00edas para que las personas hagan uso del programa Responsabilidad Compartida y eviten aumentos en sus cr\u00e9ditos del Instituto del Fondo Nacional de la Vivienda para los Trabajadores (Infonavit). Ser\u00e1 hasta antes del 31 de diciembre cuando los derechohabientes puedan cambiar sus cr\u00e9ditos de Veces Salario M\u00ednimo a pesos, ya que aquellos que [&hellip;]<\/p>\n","protected":false},"author":4,"featured_media":18763,"comment_status":"open","ping_status":"open","sticky":false,"template":"","format":"standard","meta":{"om_disable_all_campaigns":false,"_monsterinsights_skip_tracking":false,"_monsterinsights_sitenote_active":false,"_monsterinsights_sitenote_note":"","_monsterinsights_sitenote_category":0,"footnotes":""},"categories":[176],"tags":[],"class_list":["post-18762","post","type-post","status-publish","format-standard","has-post-thumbnail","hentry","category-nacional"],"amp_enabled":true,"_links":{"self":[{"href":"https:\/\/lahora.mx\/index.php\/wp-json\/wp\/v2\/posts\/18762","targetHints":{"allow":["GET"]}}],"collection":[{"href":"https:\/\/lahora.mx\/index.php\/wp-json\/wp\/v2\/posts"}],"about":[{"href":"https:\/\/lahora.mx\/index.php\/wp-json\/wp\/v2\/types\/post"}],"author":[{"embeddable":true,"href":"https:\/\/lahora.mx\/index.php\/wp-json\/wp\/v2\/users\/4"}],"replies":[{"embeddable":true,"href":"https:\/\/lahora.mx\/index.php\/wp-json\/wp\/v2\/comments?post=18762"}],"version-history":[{"count":1,"href":"https:\/\/lahora.mx\/index.php\/wp-json\/wp\/v2\/posts\/18762\/revisions"}],"predecessor-version":[{"id":18764,"href":"https:\/\/lahora.mx\/index.php\/wp-json\/wp\/v2\/posts\/18762\/revisions\/18764"}],"wp:featuredmedia":[{"embeddable":true,"href":"https:\/\/lahora.mx\/index.php\/wp-json\/wp\/v2\/media\/18763"}],"wp:attachment":[{"href":"https:\/\/lahora.mx\/index.php\/wp-json\/wp\/v2\/media?parent=18762"}],"wp:term":[{"taxonomy":"category","embeddable":true,"href":"https:\/\/lahora.mx\/index.php\/wp-json\/wp\/v2\/categories?post=18762"},{"taxonomy":"post_tag","embeddable":true,"href":"https:\/\/lahora.mx\/index.php\/wp-json\/wp\/v2\/tags?post=18762"}],"curies":[{"name":"wp","href":"https:\/\/api.w.org\/{rel}","templated":true}]}}