{"id":18742,"date":"2022-12-29T17:42:13","date_gmt":"2022-12-29T17:42:13","guid":{"rendered":"http:\/\/lahora.mx\/?p=18742"},"modified":"2022-12-29T17:42:14","modified_gmt":"2022-12-29T17:42:14","slug":"6-muertos-y-20-heridos-tras-incendio-en-tunel-en-seul-corea-del-sur","status":"publish","type":"post","link":"https:\/\/lahora.mx\/index.php\/2022\/12\/29\/6-muertos-y-20-heridos-tras-incendio-en-tunel-en-seul-corea-del-sur\/","title":{"rendered":"6 muertos y 20 heridos tras incendio en t\u00fanel en Se\u00fal Corea del Sur"},"content":{"rendered":"\n<p>Al menos seis personas murieron y otras 20 se encuentran heridas por un incendio que se inici\u00f3 en un t\u00fanel en una autopista en Gwacheon, en el sur de a capital surcoreana, Se\u00fal.<\/p>\n\n\n\n<p>Los heridos fueron tratados por inhalaci\u00f3n de humo, mientras que se espera que el balance de v\u00edctimas mortales aumente en las pr\u00f3ximas horas.<\/p>\n\n\n\n<p>El incendio comenz\u00f3 a las 13:49 horas (locales), despu\u00e9s de que un autob\u00fas chocara contra un cami\u00f3n. Sin embargo, el fuego se ha extendido por el t\u00fanel, provocando nubes de humo, seg\u00fan la agencia de noticias surcoreana Yonhap.<br>Al lugar del incidente se han desplazado 50 camiones de Bomberos, as\u00ed como helic\u00f3pteros.<\/p>\n","protected":false},"excerpt":{"rendered":"<p>Al menos seis personas murieron y otras 20 se encuentran heridas por un incendio que se inici\u00f3 en un t\u00fanel en una autopista en Gwacheon, en el sur de a capital surcoreana, Se\u00fal. Los heridos fueron tratados por inhalaci\u00f3n de humo, mientras que se espera que el balance de v\u00edctimas mortales aumente en las pr\u00f3ximas [&hellip;]<\/p>\n","protected":false},"author":4,"featured_media":18743,"comment_status":"open","ping_status":"open","sticky":false,"template":"","format":"standard","meta":{"om_disable_all_campaigns":false,"_monsterinsights_skip_tracking":false,"_monsterinsights_sitenote_active":false,"_monsterinsights_sitenote_note":"","_monsterinsights_sitenote_category":0,"footnotes":""},"categories":[183],"tags":[],"class_list":["post-18742","post","type-post","status-publish","format-standard","has-post-thumbnail","hentry","category-internacional"],"amp_enabled":true,"_links":{"self":[{"href":"https:\/\/lahora.mx\/index.php\/wp-json\/wp\/v2\/posts\/18742","targetHints":{"allow":["GET"]}}],"collection":[{"href":"https:\/\/lahora.mx\/index.php\/wp-json\/wp\/v2\/posts"}],"about":[{"href":"https:\/\/lahora.mx\/index.php\/wp-json\/wp\/v2\/types\/post"}],"author":[{"embeddable":true,"href":"https:\/\/lahora.mx\/index.php\/wp-json\/wp\/v2\/users\/4"}],"replies":[{"embeddable":true,"href":"https:\/\/lahora.mx\/index.php\/wp-json\/wp\/v2\/comments?post=18742"}],"version-history":[{"count":1,"href":"https:\/\/lahora.mx\/index.php\/wp-json\/wp\/v2\/posts\/18742\/revisions"}],"predecessor-version":[{"id":18744,"href":"https:\/\/lahora.mx\/index.php\/wp-json\/wp\/v2\/posts\/18742\/revisions\/18744"}],"wp:featuredmedia":[{"embeddable":true,"href":"https:\/\/lahora.mx\/index.php\/wp-json\/wp\/v2\/media\/18743"}],"wp:attachment":[{"href":"https:\/\/lahora.mx\/index.php\/wp-json\/wp\/v2\/media?parent=18742"}],"wp:term":[{"taxonomy":"category","embeddable":true,"href":"https:\/\/lahora.mx\/index.php\/wp-json\/wp\/v2\/categories?post=18742"},{"taxonomy":"post_tag","embeddable":true,"href":"https:\/\/lahora.mx\/index.php\/wp-json\/wp\/v2\/tags?post=18742"}],"curies":[{"name":"wp","href":"https:\/\/api.w.org\/{rel}","templated":true}]}}