{"id":1874,"date":"2022-01-19T21:56:27","date_gmt":"2022-01-19T21:56:27","guid":{"rendered":"http:\/\/lahora.mx\/?p=1874"},"modified":"2022-01-19T21:56:37","modified_gmt":"2022-01-19T21:56:37","slug":"se-pensionan-27300-de-la-primera-generacion-de-afores-consar","status":"publish","type":"post","link":"https:\/\/lahora.mx\/index.php\/2022\/01\/19\/se-pensionan-27300-de-la-primera-generacion-de-afores-consar\/","title":{"rendered":"Se pensionan 27,300 de la primera generaci\u00f3n de afores: Consar"},"content":{"rendered":"<p>La Comisi\u00f3n Nacional del Sistema del Ahorro para Retiro (Consar) inform\u00f3 que 27,396 pensionados pertenecen a la primera generaci\u00f3n afore, los cuales alcanzar\u00e1n, al menos, una pensi\u00f3n m\u00ednima que oscila entre 2,622 y 8,241 pesos.<\/p>\n<p>La cantidad de pensionados es mayor a los 12,000 que estim\u00f3 la Asociaci\u00f3n de Mexicana de Afores (Amafore) en el 2019 y muestra los efectos de la reforma a la Ley de Seguridad Social aprobada en diciembre del 2020; que autoriz\u00f3 la reducci\u00f3n de semanas de cotizaci\u00f3n de 1,250 (24 a\u00f1os laborados) a 750 (14 a\u00f1os).<\/p>\n<p>No obstante, a partir del 2022 y hasta el 2031 se incrementar\u00e1n en 25 semanas por a\u00f1o hasta llegar a las 1,000 semanas. Es decir, para este a\u00f1o, las semanas de cotizaci\u00f3n m\u00ednimas para tener acceso a la jubilaci\u00f3n ser\u00e1n 775.<\/p>\n<p>Los 27,396 nuevos pensionados se suman a los m\u00e1s de 4.7 millones de jubilados derechohabientes del IMSS y 1.2 millones de jubilados del ISSSTE. Como ya se coment\u00f3,\u00a0 la reforma abri\u00f3 la posibilidad de que una persona pueda recibir una Pensi\u00f3n M\u00ednima Garantizada, la cual oscilar\u00eda entre 2,622 y 8,241 pesos, lo cual depender\u00e1 de su Salario Base de Cotizaci\u00f3n (SBC).<br \/>\nAnte esta primera generaci\u00f3n de pensionados por afores, las personas del r\u00e9gimen de 1997, deber\u00edan tomar consciencia de que el monto de las pensiones m\u00ednimas es insuficiente, coment\u00f3 Enrique D\u00edaz-Infante, director del Programa del Sector Financiero y Seguridad Social del Centro de Estudios Espinosa Yglesias (CEEY).<\/p>\n<p>El experto del CEEY dijo que las personas que s\u00f3lo vivan de su pensi\u00f3n m\u00ednima estar\u00e1n dentro del rango de pobreza, por ello preocupa que el monto aportado no procure una vejez digna y pueda conducir a una movilidad social descendente.<\/p>\n<p>Por su parte, la Organizaci\u00f3n para la Cooperaci\u00f3n y el Desarrollo Econ\u00f3micos (OCDE) public\u00f3 su informe \u201cPensions at a Glance 2021\u201d en diciembre del 2020; en donde destac\u00f3 que M\u00e9xico llev\u00f3 a cabo la reforma m\u00e1s completa de todo el orbe.<br \/>\nLa tasa de reemplazo de un trabajador mexicano era de 25% previo a los cambios a la ley. No obstante, con la reforma, se elev\u00f3 en promedio hasta 62%, de acuerdo con Banxico.<\/p>\n<p>Otro cambio sustancial que se obtuvo con la reforma del 2020 fue el incremento en las aportaciones tripartitas \u2013del empleador, trabajador y gobierno\u2013 para su fondo de ahorro para el retiro, la cual pasar\u00e1 de 5.15 a 13.87% entre el 2023 y el 2030.<\/p>\n<p>La aportaci\u00f3n patronal pasar\u00e1 de 3.150% hasta alcanzar un tope de 11.875% al final de la d\u00e9cada; mientras que el trabajador seguir\u00e1 con la cuota de 1.125% y en el caso del gobierno \u00e9ste aportar\u00e1 0.225% hasta el cierre del 2022 y a partir del 2023, dejar\u00e1 de hacer esta aportaci\u00f3n.<\/p>\n<p>Este ha sido uno de los cambios m\u00e1s pol\u00e9micos en la ley, ya que \u201csi exhortan a ahorrar al patr\u00f3n y no al trabajador tendr\u00e1 consecuencias porque el empleador podr\u00eda pagar menos al ahorrador\u201d, advirti\u00f3 en su momento Ricardo Vel\u00e1zquez Luna, socio director de Asesores Patrimoniales y experto en el tema de pensiones.<\/p>\n<p>Ante ello, el experto en pensiones recomend\u00f3 a los ahorradores que investiguen sobre las opciones que tienen para planificar su ahorro para el retiro.<\/p>\n","protected":false},"excerpt":{"rendered":"<p>La Comisi\u00f3n Nacional del Sistema del Ahorro para Retiro (Consar) inform\u00f3 que 27,396 pensionados pertenecen a la primera generaci\u00f3n afore, los cuales alcanzar\u00e1n, al menos, una pensi\u00f3n m\u00ednima que oscila entre 2,622 y 8,241 pesos. La cantidad de pensionados es mayor a los 12,000 que estim\u00f3 la Asociaci\u00f3n de Mexicana de Afores (Amafore) en el [&hellip;]<\/p>\n","protected":false},"author":4,"featured_media":1875,"comment_status":"open","ping_status":"open","sticky":false,"template":"","format":"standard","meta":{"om_disable_all_campaigns":false,"_monsterinsights_skip_tracking":false,"_monsterinsights_sitenote_active":false,"_monsterinsights_sitenote_note":"","_monsterinsights_sitenote_category":0,"footnotes":""},"categories":[176],"tags":[],"class_list":["post-1874","post","type-post","status-publish","format-standard","has-post-thumbnail","hentry","category-nacional"],"amp_enabled":true,"_links":{"self":[{"href":"https:\/\/lahora.mx\/index.php\/wp-json\/wp\/v2\/posts\/1874","targetHints":{"allow":["GET"]}}],"collection":[{"href":"https:\/\/lahora.mx\/index.php\/wp-json\/wp\/v2\/posts"}],"about":[{"href":"https:\/\/lahora.mx\/index.php\/wp-json\/wp\/v2\/types\/post"}],"author":[{"embeddable":true,"href":"https:\/\/lahora.mx\/index.php\/wp-json\/wp\/v2\/users\/4"}],"replies":[{"embeddable":true,"href":"https:\/\/lahora.mx\/index.php\/wp-json\/wp\/v2\/comments?post=1874"}],"version-history":[{"count":1,"href":"https:\/\/lahora.mx\/index.php\/wp-json\/wp\/v2\/posts\/1874\/revisions"}],"predecessor-version":[{"id":1876,"href":"https:\/\/lahora.mx\/index.php\/wp-json\/wp\/v2\/posts\/1874\/revisions\/1876"}],"wp:featuredmedia":[{"embeddable":true,"href":"https:\/\/lahora.mx\/index.php\/wp-json\/wp\/v2\/media\/1875"}],"wp:attachment":[{"href":"https:\/\/lahora.mx\/index.php\/wp-json\/wp\/v2\/media?parent=1874"}],"wp:term":[{"taxonomy":"category","embeddable":true,"href":"https:\/\/lahora.mx\/index.php\/wp-json\/wp\/v2\/categories?post=1874"},{"taxonomy":"post_tag","embeddable":true,"href":"https:\/\/lahora.mx\/index.php\/wp-json\/wp\/v2\/tags?post=1874"}],"curies":[{"name":"wp","href":"https:\/\/api.w.org\/{rel}","templated":true}]}}