{"id":18739,"date":"2022-12-29T17:37:00","date_gmt":"2022-12-29T17:37:00","guid":{"rendered":"http:\/\/lahora.mx\/?p=18739"},"modified":"2022-12-29T17:37:01","modified_gmt":"2022-12-29T17:37:01","slug":"amplian-el-plazo-para-regular-los-autos-chocolate-en-mexico-hasta-marzo","status":"publish","type":"post","link":"https:\/\/lahora.mx\/index.php\/2022\/12\/29\/amplian-el-plazo-para-regular-los-autos-chocolate-en-mexico-hasta-marzo\/","title":{"rendered":"Ampl\u00edan el plazo para regular los autos chocolate en M\u00e9xico hasta marzo"},"content":{"rendered":"\n<p>La titular de la Secretar\u00eda de Seguridad y Protecci\u00f3n Ciudadana, Rosa Icela Rodr\u00edguez inform\u00f3 que el programa de regularizaci\u00f3n de autos &#8216;chocolate&#8217; se ampliar\u00e1 a tres meses m\u00e1s en 2023.<\/p>\n\n\n\n<p>\u00abAl 28 de diciembre, la regularizaci\u00f3n de veh\u00edculos ha operado a trav\u00e9s de 141 m\u00f3dulos ubicados en 14 estados del pa\u00eds, los esfuerzos para regularizar los veh\u00edculos usados van a continuar durante 2023 del 1 de enero al 31 marzo\u00bb<\/p>\n\n\n\n<p>La titular de la SSPC asegur\u00f3 durante la conferencia ma\u00f1anera de este jueves que se realizar\u00e1 para que toda la poblaci\u00f3n que se encuentra con esta condici\u00f3n en su autom\u00f3vil se puedan seguir beneficiando con la medida y as\u00ed tengan mayor tranquilidad en este sentido.<\/p>\n\n\n\n<p>Adem\u00e1s, Rosa Icela inform\u00f3 que hasta el momento se han regularizado m\u00e1s de un mill\u00f3n 47 mil veh\u00edculos en M\u00e9xico.<\/p>\n\n\n\n<p>Detall\u00f3 que Baja California, Chihuahua y Tamaulipas son los estados en los que m\u00e1s recursos se han obtenido al registrar 490.7 millones de pesos, 389 millones de pesos y 301.1 millones de pesos, respectivamente; es decir, representan el 33.1 por ciento del total.<\/p>\n\n\n\n<p>Los propietarios de autos chocolate tendr\u00e1n chance de acudir a uno de los 141 m\u00f3dulos distribuidos en 14 estados: Baja California, Baja California Sur, Sonora, Chihuahua, Coahuila, Nuevo Le\u00f3n, Tamaulipas, Sinaloa, Durango, Zacatecas, Nayarit, Jalisco, Michoac\u00e1n y Puebla<\/p>\n","protected":false},"excerpt":{"rendered":"<p>La titular de la Secretar\u00eda de Seguridad y Protecci\u00f3n Ciudadana, Rosa Icela Rodr\u00edguez inform\u00f3 que el programa de regularizaci\u00f3n de autos &#8216;chocolate&#8217; se ampliar\u00e1 a tres meses m\u00e1s en 2023. \u00abAl 28 de diciembre, la regularizaci\u00f3n de veh\u00edculos ha operado a trav\u00e9s de 141 m\u00f3dulos ubicados en 14 estados del pa\u00eds, los esfuerzos para regularizar [&hellip;]<\/p>\n","protected":false},"author":4,"featured_media":18740,"comment_status":"open","ping_status":"open","sticky":false,"template":"","format":"standard","meta":{"om_disable_all_campaigns":false,"_monsterinsights_skip_tracking":false,"_monsterinsights_sitenote_active":false,"_monsterinsights_sitenote_note":"","_monsterinsights_sitenote_category":0,"footnotes":""},"categories":[176],"tags":[195],"class_list":["post-18739","post","type-post","status-publish","format-standard","has-post-thumbnail","hentry","category-nacional","tag-principal"],"amp_enabled":true,"_links":{"self":[{"href":"https:\/\/lahora.mx\/index.php\/wp-json\/wp\/v2\/posts\/18739","targetHints":{"allow":["GET"]}}],"collection":[{"href":"https:\/\/lahora.mx\/index.php\/wp-json\/wp\/v2\/posts"}],"about":[{"href":"https:\/\/lahora.mx\/index.php\/wp-json\/wp\/v2\/types\/post"}],"author":[{"embeddable":true,"href":"https:\/\/lahora.mx\/index.php\/wp-json\/wp\/v2\/users\/4"}],"replies":[{"embeddable":true,"href":"https:\/\/lahora.mx\/index.php\/wp-json\/wp\/v2\/comments?post=18739"}],"version-history":[{"count":1,"href":"https:\/\/lahora.mx\/index.php\/wp-json\/wp\/v2\/posts\/18739\/revisions"}],"predecessor-version":[{"id":18741,"href":"https:\/\/lahora.mx\/index.php\/wp-json\/wp\/v2\/posts\/18739\/revisions\/18741"}],"wp:featuredmedia":[{"embeddable":true,"href":"https:\/\/lahora.mx\/index.php\/wp-json\/wp\/v2\/media\/18740"}],"wp:attachment":[{"href":"https:\/\/lahora.mx\/index.php\/wp-json\/wp\/v2\/media?parent=18739"}],"wp:term":[{"taxonomy":"category","embeddable":true,"href":"https:\/\/lahora.mx\/index.php\/wp-json\/wp\/v2\/categories?post=18739"},{"taxonomy":"post_tag","embeddable":true,"href":"https:\/\/lahora.mx\/index.php\/wp-json\/wp\/v2\/tags?post=18739"}],"curies":[{"name":"wp","href":"https:\/\/api.w.org\/{rel}","templated":true}]}}