{"id":18703,"date":"2022-12-28T16:35:51","date_gmt":"2022-12-28T16:35:51","guid":{"rendered":"http:\/\/lahora.mx\/?p=18703"},"modified":"2022-12-28T16:35:51","modified_gmt":"2022-12-28T16:35:51","slug":"peru-pide-justicia-a-mexico-por-wendy-hellen-asesinada","status":"publish","type":"post","link":"https:\/\/lahora.mx\/index.php\/2022\/12\/28\/peru-pide-justicia-a-mexico-por-wendy-hellen-asesinada\/","title":{"rendered":"Per\u00fa pide justicia a M\u00e9xico por Wendy Hellen asesinada"},"content":{"rendered":"\n<p>El Ministerio de Relaciones Exteriores de Per\u00fa pidi\u00f3 al gobierno mexicano esclarecer la causa de muerte de Wendy Hellen Sand\u00f3n Herrera, quien desapareci\u00f3 el pasado 16 de diciembre en Cuautlancingo, Puebla, y siete d\u00edas despu\u00e9s fue hallada muerta en Apizaco, Tlaxcala.<\/p>\n\n\n\n<p>Ante los hechos la familia de Wendy Hellen, originaria de Per\u00fa, se traslad\u00f3 desde el pa\u00eds andino hasta M\u00e9xico, por lo que el gobierno peruano ha declarado que ya se encuentra apoyando a la familia de la v\u00edctima con la repatriaci\u00f3n del cuerpo.<br>\u201cCanciller\u00eda lamenta profundamente las circunstancias y el fallecimiento de la ciudadana Wendy Sand\u00f3n Herrera. Nuestro Consulado en M\u00e9xico se encuentra en comunicaci\u00f3n con las autoridades mexicanas y la familia de la v\u00edctima para apoyar con la repatriaci\u00f3n de los restos al Per\u00fa\u201d, inform\u00f3 a trav\u00e9s de sus redes sociales.<br>Por el feminicidio de la peruana, se han realizado manifestaciones ante la Fiscal\u00eda de Puebla, adem\u00e1s de que su expareja sentimental Dar\u00edo N fue vinculado a proceso con la medida cautelar de prisi\u00f3n preventiva por el delito de desaparici\u00f3n cometida por particulares.<\/p>\n\n\n\n<p>Seg\u00fan se ha detallado, Dar\u00edo N hab\u00eda sido captado en video sacando unas bolsas negras de basura su domicilio, actualmente, se est\u00e1 en espera de su segunda audiencia.<\/p>\n\n\n\n<p>\u201cVelaremos porque se esclarezca la muerte de nuestra compatriota Wendy Hellen Sand\u00f3n en M\u00e9xico, y se haga justicia. La Canciller\u00eda reafirma su compromiso con la erradicaci\u00f3n en el mundo de toda forma de violencia contra la mujer\u201d, a\u00f1adi\u00f3 la Canciller\u00eda de Per\u00fa respecto al feminicidio acontecido en Puebla.<\/p>\n","protected":false},"excerpt":{"rendered":"<p>El Ministerio de Relaciones Exteriores de Per\u00fa pidi\u00f3 al gobierno mexicano esclarecer la causa de muerte de Wendy Hellen Sand\u00f3n Herrera, quien desapareci\u00f3 el pasado 16 de diciembre en Cuautlancingo, Puebla, y siete d\u00edas despu\u00e9s fue hallada muerta en Apizaco, Tlaxcala. Ante los hechos la familia de Wendy Hellen, originaria de Per\u00fa, se traslad\u00f3 desde [&hellip;]<\/p>\n","protected":false},"author":4,"featured_media":18704,"comment_status":"open","ping_status":"open","sticky":false,"template":"","format":"standard","meta":{"om_disable_all_campaigns":false,"_monsterinsights_skip_tracking":false,"_monsterinsights_sitenote_active":false,"_monsterinsights_sitenote_note":"","_monsterinsights_sitenote_category":0,"footnotes":""},"categories":[175,176],"tags":[195,223],"class_list":["post-18703","post","type-post","status-publish","format-standard","has-post-thumbnail","hentry","category-local","category-nacional","tag-principal","tag-puebla"],"amp_enabled":true,"_links":{"self":[{"href":"https:\/\/lahora.mx\/index.php\/wp-json\/wp\/v2\/posts\/18703","targetHints":{"allow":["GET"]}}],"collection":[{"href":"https:\/\/lahora.mx\/index.php\/wp-json\/wp\/v2\/posts"}],"about":[{"href":"https:\/\/lahora.mx\/index.php\/wp-json\/wp\/v2\/types\/post"}],"author":[{"embeddable":true,"href":"https:\/\/lahora.mx\/index.php\/wp-json\/wp\/v2\/users\/4"}],"replies":[{"embeddable":true,"href":"https:\/\/lahora.mx\/index.php\/wp-json\/wp\/v2\/comments?post=18703"}],"version-history":[{"count":1,"href":"https:\/\/lahora.mx\/index.php\/wp-json\/wp\/v2\/posts\/18703\/revisions"}],"predecessor-version":[{"id":18705,"href":"https:\/\/lahora.mx\/index.php\/wp-json\/wp\/v2\/posts\/18703\/revisions\/18705"}],"wp:featuredmedia":[{"embeddable":true,"href":"https:\/\/lahora.mx\/index.php\/wp-json\/wp\/v2\/media\/18704"}],"wp:attachment":[{"href":"https:\/\/lahora.mx\/index.php\/wp-json\/wp\/v2\/media?parent=18703"}],"wp:term":[{"taxonomy":"category","embeddable":true,"href":"https:\/\/lahora.mx\/index.php\/wp-json\/wp\/v2\/categories?post=18703"},{"taxonomy":"post_tag","embeddable":true,"href":"https:\/\/lahora.mx\/index.php\/wp-json\/wp\/v2\/tags?post=18703"}],"curies":[{"name":"wp","href":"https:\/\/api.w.org\/{rel}","templated":true}]}}