{"id":18700,"date":"2022-12-28T16:20:04","date_gmt":"2022-12-28T16:20:04","guid":{"rendered":"http:\/\/lahora.mx\/?p=18700"},"modified":"2022-12-28T16:20:05","modified_gmt":"2022-12-28T16:20:05","slug":"policias-acusados-de-asesinato-en-reforma-sur-ingresan-a-san-miguel","status":"publish","type":"post","link":"https:\/\/lahora.mx\/index.php\/2022\/12\/28\/policias-acusados-de-asesinato-en-reforma-sur-ingresan-a-san-miguel\/","title":{"rendered":"Polic\u00edas acusados de asesinato en Reforma sur  ingresan a San Miguel"},"content":{"rendered":"\n<p>Los cuatro polic\u00edas municipales de Puebla acusados de matar a un hombre y herir a cuatro personas m\u00e1s en la colonia Reforma Sur de la capital poblana el pasado 24 de diciembre durante la madrugada fueron llevados al Cereso de San Miguel.<\/p>\n\n\n\n<p>Ayer 27 de diciembre, luego de que la Fiscal\u00eda General del Estado (FGE) de Puebla determinara judicializar el caso y llevarlo ante los tribunales locales, los acusados fueron presentados ante un juez de control.<\/p>\n\n\n\n<p>En el recinto judicial Casa de Justicia Puebla, ubicado en la avenida 11 Sur, se celebr\u00f3 la primera audiencia para resolver el estatus legal de los polic\u00edas Miguel \u00c1ngel L.F., de 28 a\u00f1os de edad; Guadalupe Antonio D.L., de 24 a\u00f1os; Arturo C.C., de 34; y Sergio M.S., de 30 a\u00f1os.<br>Luego de que el agente del Ministerio P\u00fablico explicara c\u00f3mo se hizo el arresto de los oficiales, la situaci\u00f3n por la que los tuvieron retenidos y que todo se hizo bajo el marco de ley sin ning\u00fan tipo de violaciones a sus derechos humanos, el juez de la causa consider\u00f3 que la detenci\u00f3n de los se\u00f1alados fue legal.<\/p>\n\n\n\n<p>Tras la decisi\u00f3n del jurista, el representante de la Fiscal\u00eda volvi\u00f3 a tomar la palabra para informarle a los asegurados que se les investiga por los delitos de homicidio calificado cometido en agravio de Guillermo N., adem\u00e1s de lesiones calificadas en contra de Mariano N., de 38 a\u00f1os y tres personas m\u00e1s, as\u00ed como de abuso de autoridad cometido en agravio de la sociedad.<\/p>\n\n\n\n<p>Instantes despu\u00e9s el agente del Ministerio P\u00fablico dio a conocer los datos de prueba que existen del caso dentro de la respectiva carpeta de investigaci\u00f3n y solicit\u00f3 que los cuatro detenidos fueran vinculados a proceso pero estos, por medio de dos defensores legales pidieron la duplicidad del t\u00e9rmino constitucional de 144 horas para que otro d\u00eda en otra audiencia se decida si ser\u00e1n vinculados a proceso.<\/p>\n\n\n\n<p>Por lo mientras el juez de control orden\u00f3 que sobre los sospechosos pesara la media cautelar de prisi\u00f3n preventiva oficiosa y fueran llevados al penal de San Miguel durante todo el tiempo que dure la investigaci\u00f3n en su contra.<br>Es de mencionar que robo, allanamiento de morada, asalto a transe\u00fante y diversas faltas administrativas forman parte del historial delictivo del hombre Guillermo de 42 a\u00f1os de edad, alias \u201cEl Nene\u201d (hoy difunto), y de su hermano Mariano de 38, el cual fue llevado grave al hospital tras los disparos que los polic\u00edas realizaron despu\u00e9s de acudir a la colonia Reforma Sur para atender el reporte de un grupo de personas que escandalizaban en la v\u00eda p\u00fablica.<\/p>\n","protected":false},"excerpt":{"rendered":"<p>Los cuatro polic\u00edas municipales de Puebla acusados de matar a un hombre y herir a cuatro personas m\u00e1s en la colonia Reforma Sur de la capital poblana el pasado 24 de diciembre durante la madrugada fueron llevados al Cereso de San Miguel. Ayer 27 de diciembre, luego de que la Fiscal\u00eda General del Estado (FGE) [&hellip;]<\/p>\n","protected":false},"author":4,"featured_media":18701,"comment_status":"open","ping_status":"open","sticky":false,"template":"","format":"standard","meta":{"om_disable_all_campaigns":false,"_monsterinsights_skip_tracking":false,"_monsterinsights_sitenote_active":false,"_monsterinsights_sitenote_note":"","_monsterinsights_sitenote_category":0,"footnotes":""},"categories":[175,226],"tags":[223],"class_list":["post-18700","post","type-post","status-publish","format-standard","has-post-thumbnail","hentry","category-local","category-policia","tag-puebla"],"amp_enabled":true,"_links":{"self":[{"href":"https:\/\/lahora.mx\/index.php\/wp-json\/wp\/v2\/posts\/18700","targetHints":{"allow":["GET"]}}],"collection":[{"href":"https:\/\/lahora.mx\/index.php\/wp-json\/wp\/v2\/posts"}],"about":[{"href":"https:\/\/lahora.mx\/index.php\/wp-json\/wp\/v2\/types\/post"}],"author":[{"embeddable":true,"href":"https:\/\/lahora.mx\/index.php\/wp-json\/wp\/v2\/users\/4"}],"replies":[{"embeddable":true,"href":"https:\/\/lahora.mx\/index.php\/wp-json\/wp\/v2\/comments?post=18700"}],"version-history":[{"count":1,"href":"https:\/\/lahora.mx\/index.php\/wp-json\/wp\/v2\/posts\/18700\/revisions"}],"predecessor-version":[{"id":18702,"href":"https:\/\/lahora.mx\/index.php\/wp-json\/wp\/v2\/posts\/18700\/revisions\/18702"}],"wp:featuredmedia":[{"embeddable":true,"href":"https:\/\/lahora.mx\/index.php\/wp-json\/wp\/v2\/media\/18701"}],"wp:attachment":[{"href":"https:\/\/lahora.mx\/index.php\/wp-json\/wp\/v2\/media?parent=18700"}],"wp:term":[{"taxonomy":"category","embeddable":true,"href":"https:\/\/lahora.mx\/index.php\/wp-json\/wp\/v2\/categories?post=18700"},{"taxonomy":"post_tag","embeddable":true,"href":"https:\/\/lahora.mx\/index.php\/wp-json\/wp\/v2\/tags?post=18700"}],"curies":[{"name":"wp","href":"https:\/\/api.w.org\/{rel}","templated":true}]}}