{"id":18693,"date":"2022-12-27T23:12:33","date_gmt":"2022-12-27T23:12:33","guid":{"rendered":"http:\/\/lahora.mx\/?p=18693"},"modified":"2022-12-27T23:12:33","modified_gmt":"2022-12-27T23:12:33","slug":"el-proximo-lunes-concluye-la-villa-navidena-de-tlaxcala","status":"publish","type":"post","link":"https:\/\/lahora.mx\/index.php\/2022\/12\/27\/el-proximo-lunes-concluye-la-villa-navidena-de-tlaxcala\/","title":{"rendered":"El  pr\u00f3ximo lunes concluye la Villa Navide\u00f1a de Tlaxcala"},"content":{"rendered":"\n<p>El pr\u00f3ximo lunes llegar\u00e1 a su fin la gran Villa Navide\u00f1a de Tlaxcala, un evento decembrino y 100 % familiar llevado a cabo por segunda vez por el gobierno estatal.<\/p>\n\n\n\n<p>Llama Obispo de Tlaxcala a preservar la misericordia<br>A m\u00e1s de dos semanas de su inauguraci\u00f3n el evento ha sido un \u00e9xito, al ser visitado por cientos de personas de distintos municipios de la entidad y de otros estados.<\/p>\n\n\n\n<p>Adem\u00e1s de la decoraci\u00f3n navide\u00f1a que incluye un t\u00fanel de luces, de espejos, figuras y \u00e1rboles iluminados, la Villa ofrece un nacimiento vivo y recorridos en el tren navide\u00f1o.<\/p>\n\n\n\n<p>Algunas de las atracciones m\u00e1s buscadas por los visitantes es el Gran Circo de Renato, la pista de patinaje de hielo, el tobog\u00e1n de hielo y juegos mec\u00e1nicos (la \u00fanica que tiene costo).<\/p>\n\n\n\n<p>Adem\u00e1s, las personas tambi\u00e9n pueden disfrutar de antojitos, snacks, botanas y bebidas calientes como el tradicional ponche y atoles de sabores variados.<\/p>\n\n\n\n<p>La Villa, ubicada en las instalaciones del Recinto Ferial, abre sus puertas a partir de las 15:00 horas todos los d\u00edas.<br>La entrada tiene un costo una de 10 pesos; los adultos mayores y ni\u00f1os ingresan gratis.<\/p>\n","protected":false},"excerpt":{"rendered":"<p>El pr\u00f3ximo lunes llegar\u00e1 a su fin la gran Villa Navide\u00f1a de Tlaxcala, un evento decembrino y 100 % familiar llevado a cabo por segunda vez por el gobierno estatal. Llama Obispo de Tlaxcala a preservar la misericordiaA m\u00e1s de dos semanas de su inauguraci\u00f3n el evento ha sido un \u00e9xito, al ser visitado por [&hellip;]<\/p>\n","protected":false},"author":4,"featured_media":18695,"comment_status":"open","ping_status":"open","sticky":false,"template":"","format":"standard","meta":{"om_disable_all_campaigns":false,"_monsterinsights_skip_tracking":false,"_monsterinsights_sitenote_active":false,"_monsterinsights_sitenote_note":"","_monsterinsights_sitenote_category":0,"footnotes":""},"categories":[175],"tags":[223,210],"class_list":["post-18693","post","type-post","status-publish","format-standard","has-post-thumbnail","hentry","category-local","tag-puebla","tag-tlaxcala"],"amp_enabled":true,"_links":{"self":[{"href":"https:\/\/lahora.mx\/index.php\/wp-json\/wp\/v2\/posts\/18693","targetHints":{"allow":["GET"]}}],"collection":[{"href":"https:\/\/lahora.mx\/index.php\/wp-json\/wp\/v2\/posts"}],"about":[{"href":"https:\/\/lahora.mx\/index.php\/wp-json\/wp\/v2\/types\/post"}],"author":[{"embeddable":true,"href":"https:\/\/lahora.mx\/index.php\/wp-json\/wp\/v2\/users\/4"}],"replies":[{"embeddable":true,"href":"https:\/\/lahora.mx\/index.php\/wp-json\/wp\/v2\/comments?post=18693"}],"version-history":[{"count":2,"href":"https:\/\/lahora.mx\/index.php\/wp-json\/wp\/v2\/posts\/18693\/revisions"}],"predecessor-version":[{"id":18698,"href":"https:\/\/lahora.mx\/index.php\/wp-json\/wp\/v2\/posts\/18693\/revisions\/18698"}],"wp:featuredmedia":[{"embeddable":true,"href":"https:\/\/lahora.mx\/index.php\/wp-json\/wp\/v2\/media\/18695"}],"wp:attachment":[{"href":"https:\/\/lahora.mx\/index.php\/wp-json\/wp\/v2\/media?parent=18693"}],"wp:term":[{"taxonomy":"category","embeddable":true,"href":"https:\/\/lahora.mx\/index.php\/wp-json\/wp\/v2\/categories?post=18693"},{"taxonomy":"post_tag","embeddable":true,"href":"https:\/\/lahora.mx\/index.php\/wp-json\/wp\/v2\/tags?post=18693"}],"curies":[{"name":"wp","href":"https:\/\/api.w.org\/{rel}","templated":true}]}}