{"id":18676,"date":"2022-12-27T21:50:19","date_gmt":"2022-12-27T21:50:19","guid":{"rendered":"http:\/\/lahora.mx\/?p=18676"},"modified":"2022-12-27T21:50:19","modified_gmt":"2022-12-27T21:50:19","slug":"sexta-ola-de-covid-mexico-en-la-octava-semana-con-aumento-de-contagios","status":"publish","type":"post","link":"https:\/\/lahora.mx\/index.php\/2022\/12\/27\/sexta-ola-de-covid-mexico-en-la-octava-semana-con-aumento-de-contagios\/","title":{"rendered":"Sexta ola de COVID: M\u00e9xico en la octava semana con aumento de contagios"},"content":{"rendered":"\n<p>El subsecretario de Salud, Hugo L\u00f3pez Gatell, inform\u00f3 que el pa\u00eds suma 8 semanas con alza en casos de Covid-19.<\/p>\n\n\n\n<p>Durante la conferencia ma\u00f1anera del presidente Andr\u00e9s Manuel L\u00f3pez Obrador, L\u00f3pez Gatell dijo que aunque ha habido alza en casos de la enfermedad es menor pero hay que estar atentos al crecimiento.<\/p>\n\n\n\n<p>\u00abLo que hay que destacar es que, pese al alza en casos, los casos de hospitalizaci\u00f3n son menores, pero es importante estar atentos a cualquier repunte\u00bb, precis\u00f3.<\/p>\n\n\n\n<p>Destac\u00f3 que las defunciones son en promedio 10 al a\u00f1o, lo que es un promedio muy bajo.<\/p>\n\n\n\n<p>Resalt\u00f3 que a nivel nacional el promedio de vacunaci\u00f3n es de 71 por ciento para toda la poblaci\u00f3n, y subray\u00f3 que el pa\u00eds suma 8 semanas con alza en casos de Covid-19.<\/p>\n","protected":false},"excerpt":{"rendered":"<p>El subsecretario de Salud, Hugo L\u00f3pez Gatell, inform\u00f3 que el pa\u00eds suma 8 semanas con alza en casos de Covid-19. Durante la conferencia ma\u00f1anera del presidente Andr\u00e9s Manuel L\u00f3pez Obrador, L\u00f3pez Gatell dijo que aunque ha habido alza en casos de la enfermedad es menor pero hay que estar atentos al crecimiento. \u00abLo que hay [&hellip;]<\/p>\n","protected":false},"author":4,"featured_media":18677,"comment_status":"open","ping_status":"open","sticky":false,"template":"","format":"standard","meta":{"om_disable_all_campaigns":false,"_monsterinsights_skip_tracking":false,"_monsterinsights_sitenote_active":false,"_monsterinsights_sitenote_note":"","_monsterinsights_sitenote_category":0,"footnotes":""},"categories":[176],"tags":[],"class_list":["post-18676","post","type-post","status-publish","format-standard","has-post-thumbnail","hentry","category-nacional"],"amp_enabled":true,"_links":{"self":[{"href":"https:\/\/lahora.mx\/index.php\/wp-json\/wp\/v2\/posts\/18676","targetHints":{"allow":["GET"]}}],"collection":[{"href":"https:\/\/lahora.mx\/index.php\/wp-json\/wp\/v2\/posts"}],"about":[{"href":"https:\/\/lahora.mx\/index.php\/wp-json\/wp\/v2\/types\/post"}],"author":[{"embeddable":true,"href":"https:\/\/lahora.mx\/index.php\/wp-json\/wp\/v2\/users\/4"}],"replies":[{"embeddable":true,"href":"https:\/\/lahora.mx\/index.php\/wp-json\/wp\/v2\/comments?post=18676"}],"version-history":[{"count":1,"href":"https:\/\/lahora.mx\/index.php\/wp-json\/wp\/v2\/posts\/18676\/revisions"}],"predecessor-version":[{"id":18678,"href":"https:\/\/lahora.mx\/index.php\/wp-json\/wp\/v2\/posts\/18676\/revisions\/18678"}],"wp:featuredmedia":[{"embeddable":true,"href":"https:\/\/lahora.mx\/index.php\/wp-json\/wp\/v2\/media\/18677"}],"wp:attachment":[{"href":"https:\/\/lahora.mx\/index.php\/wp-json\/wp\/v2\/media?parent=18676"}],"wp:term":[{"taxonomy":"category","embeddable":true,"href":"https:\/\/lahora.mx\/index.php\/wp-json\/wp\/v2\/categories?post=18676"},{"taxonomy":"post_tag","embeddable":true,"href":"https:\/\/lahora.mx\/index.php\/wp-json\/wp\/v2\/tags?post=18676"}],"curies":[{"name":"wp","href":"https:\/\/api.w.org\/{rel}","templated":true}]}}