{"id":18673,"date":"2022-12-27T19:49:13","date_gmt":"2022-12-27T19:49:13","guid":{"rendered":"http:\/\/lahora.mx\/?p=18673"},"modified":"2022-12-27T19:49:14","modified_gmt":"2022-12-27T19:49:14","slug":"el-presidente-lopez-obrador-pide-a-la-poblacion-no-proteger-a-los-carteles-a-cambio-de-regalos","status":"publish","type":"post","link":"https:\/\/lahora.mx\/index.php\/2022\/12\/27\/el-presidente-lopez-obrador-pide-a-la-poblacion-no-proteger-a-los-carteles-a-cambio-de-regalos\/","title":{"rendered":"El presidente Lopez Obrador pide a la poblaci\u00f3n no proteger a los c\u00e1rteles a cambio  de regalos"},"content":{"rendered":"\n<p>El presidente Andr\u00e9s Manuel L\u00f3pez Obrador pidi\u00f3 a la poblaci\u00f3n no proteger a los c\u00e1rteles y delincuencia organizada a cambio de despensas u otro tipo de ayuda.<\/p>\n\n\n\n<p>Cuestionado en su conferencia de prensa matutina sobre el reparto de juguetes a ni\u00f1os en Jalisco, aparentemente del C\u00e1rtel Jalisco Nueva Generaci\u00f3n (CJNG), el mandatario mexicano presumi\u00f3 que la delincuencia pretende reactivar el mecanismo de apoyar a la gente para ganarse su simpat\u00eda y que sean los pobladores quienes los protejan para evitar decomisos de drogas.<\/p>\n\n\n\n<p>Denunci\u00f3 que los criminales tambi\u00e9n buscan impedir la instalaci\u00f3n de cuarteles de la Guardia Nacional, casos que se han visto en estados como el propio Jalisco y Michoac\u00e1n.<\/p>\n\n\n\n<p>Eso no es bueno, aunque les den despensas eso no es de buena fe; eso es para utilizar de escudo al pueblo, manipular al pueblo, y eso no se debe de permitir\u201d, sentenci\u00f3.<\/p>\n\n\n\n<p>Destac\u00f3 que la actuaci\u00f3n de los c\u00e1rteles es porque \u201cse est\u00e1 avanzando mucho\u201d en decomisos de droga, principalmente de coca\u00edna.<\/p>\n","protected":false},"excerpt":{"rendered":"<p>El presidente Andr\u00e9s Manuel L\u00f3pez Obrador pidi\u00f3 a la poblaci\u00f3n no proteger a los c\u00e1rteles y delincuencia organizada a cambio de despensas u otro tipo de ayuda. Cuestionado en su conferencia de prensa matutina sobre el reparto de juguetes a ni\u00f1os en Jalisco, aparentemente del C\u00e1rtel Jalisco Nueva Generaci\u00f3n (CJNG), el mandatario mexicano presumi\u00f3 que [&hellip;]<\/p>\n","protected":false},"author":4,"featured_media":18674,"comment_status":"open","ping_status":"open","sticky":false,"template":"","format":"standard","meta":{"om_disable_all_campaigns":false,"_monsterinsights_skip_tracking":false,"_monsterinsights_sitenote_active":false,"_monsterinsights_sitenote_note":"","_monsterinsights_sitenote_category":0,"footnotes":""},"categories":[176],"tags":[195],"class_list":["post-18673","post","type-post","status-publish","format-standard","has-post-thumbnail","hentry","category-nacional","tag-principal"],"amp_enabled":true,"_links":{"self":[{"href":"https:\/\/lahora.mx\/index.php\/wp-json\/wp\/v2\/posts\/18673","targetHints":{"allow":["GET"]}}],"collection":[{"href":"https:\/\/lahora.mx\/index.php\/wp-json\/wp\/v2\/posts"}],"about":[{"href":"https:\/\/lahora.mx\/index.php\/wp-json\/wp\/v2\/types\/post"}],"author":[{"embeddable":true,"href":"https:\/\/lahora.mx\/index.php\/wp-json\/wp\/v2\/users\/4"}],"replies":[{"embeddable":true,"href":"https:\/\/lahora.mx\/index.php\/wp-json\/wp\/v2\/comments?post=18673"}],"version-history":[{"count":1,"href":"https:\/\/lahora.mx\/index.php\/wp-json\/wp\/v2\/posts\/18673\/revisions"}],"predecessor-version":[{"id":18675,"href":"https:\/\/lahora.mx\/index.php\/wp-json\/wp\/v2\/posts\/18673\/revisions\/18675"}],"wp:featuredmedia":[{"embeddable":true,"href":"https:\/\/lahora.mx\/index.php\/wp-json\/wp\/v2\/media\/18674"}],"wp:attachment":[{"href":"https:\/\/lahora.mx\/index.php\/wp-json\/wp\/v2\/media?parent=18673"}],"wp:term":[{"taxonomy":"category","embeddable":true,"href":"https:\/\/lahora.mx\/index.php\/wp-json\/wp\/v2\/categories?post=18673"},{"taxonomy":"post_tag","embeddable":true,"href":"https:\/\/lahora.mx\/index.php\/wp-json\/wp\/v2\/tags?post=18673"}],"curies":[{"name":"wp","href":"https:\/\/api.w.org\/{rel}","templated":true}]}}