{"id":18670,"date":"2022-12-27T19:36:52","date_gmt":"2022-12-27T19:36:52","guid":{"rendered":"http:\/\/lahora.mx\/?p=18670"},"modified":"2022-12-27T19:36:52","modified_gmt":"2022-12-27T19:36:52","slug":"dos-heridos-tras-desplome-de-avioneta-en-puerto-vallarta","status":"publish","type":"post","link":"https:\/\/lahora.mx\/index.php\/2022\/12\/27\/dos-heridos-tras-desplome-de-avioneta-en-puerto-vallarta\/","title":{"rendered":"Dos heridos tras desplome de avioneta en Puerto Vallarta"},"content":{"rendered":"\n<p>Un incendio y al menos dos personas lesionadas dej\u00f3 el desplome de una avioneta en Puerto Vallarta, Jalisco la ma\u00f1ana de hoy 27 de diciembre en la colonia Villa de Las Flores de aquel estado.<\/p>\n\n\n\n<p>De acuerdo con Protecci\u00f3n Civil de Jalisco, la aeronave ten\u00eda como destino la ciudad de McAllen, en Texas.<br>El suceso se report\u00f3 alrededor de las 9:00 horas, poco despu\u00e9s de que la avioneta con matr\u00edcula N54IDW acabara de despegar del aeropuerto internacional Gustavo D\u00edaz Ordaz de Puerto Vallarta, Jalisco.<\/p>\n\n\n\n<p>Aparentemente la avioneta sufri\u00f3 una falla mec\u00e1nica lo que ocasion\u00f3 que cayera en un predio deshabitado de la colonia Villa Las Flores, aunque hasta el momento ninguna autoridad ha confirmado o desmentido dicha versi\u00f3n.<\/p>\n\n\n\n<p>Tras el desplome de la avioneta en Puerto Vallarta, los dos tripulantes fueron atendidos y trasladados a un hospital para recibir atenci\u00f3n m\u00e9dica, mientras que personal de Protecci\u00f3n Civil (PC) y el cuerpo de bomberos del aeropuerto controlaron el incendio que provoc\u00f3 la ca\u00edda de la avioneta.<\/p>\n","protected":false},"excerpt":{"rendered":"<p>Un incendio y al menos dos personas lesionadas dej\u00f3 el desplome de una avioneta en Puerto Vallarta, Jalisco la ma\u00f1ana de hoy 27 de diciembre en la colonia Villa de Las Flores de aquel estado. De acuerdo con Protecci\u00f3n Civil de Jalisco, la aeronave ten\u00eda como destino la ciudad de McAllen, en Texas.El suceso se [&hellip;]<\/p>\n","protected":false},"author":4,"featured_media":18671,"comment_status":"open","ping_status":"open","sticky":false,"template":"","format":"standard","meta":{"om_disable_all_campaigns":false,"_monsterinsights_skip_tracking":false,"_monsterinsights_sitenote_active":false,"_monsterinsights_sitenote_note":"","_monsterinsights_sitenote_category":0,"footnotes":""},"categories":[176],"tags":[],"class_list":["post-18670","post","type-post","status-publish","format-standard","has-post-thumbnail","hentry","category-nacional"],"amp_enabled":true,"_links":{"self":[{"href":"https:\/\/lahora.mx\/index.php\/wp-json\/wp\/v2\/posts\/18670","targetHints":{"allow":["GET"]}}],"collection":[{"href":"https:\/\/lahora.mx\/index.php\/wp-json\/wp\/v2\/posts"}],"about":[{"href":"https:\/\/lahora.mx\/index.php\/wp-json\/wp\/v2\/types\/post"}],"author":[{"embeddable":true,"href":"https:\/\/lahora.mx\/index.php\/wp-json\/wp\/v2\/users\/4"}],"replies":[{"embeddable":true,"href":"https:\/\/lahora.mx\/index.php\/wp-json\/wp\/v2\/comments?post=18670"}],"version-history":[{"count":1,"href":"https:\/\/lahora.mx\/index.php\/wp-json\/wp\/v2\/posts\/18670\/revisions"}],"predecessor-version":[{"id":18672,"href":"https:\/\/lahora.mx\/index.php\/wp-json\/wp\/v2\/posts\/18670\/revisions\/18672"}],"wp:featuredmedia":[{"embeddable":true,"href":"https:\/\/lahora.mx\/index.php\/wp-json\/wp\/v2\/media\/18671"}],"wp:attachment":[{"href":"https:\/\/lahora.mx\/index.php\/wp-json\/wp\/v2\/media?parent=18670"}],"wp:term":[{"taxonomy":"category","embeddable":true,"href":"https:\/\/lahora.mx\/index.php\/wp-json\/wp\/v2\/categories?post=18670"},{"taxonomy":"post_tag","embeddable":true,"href":"https:\/\/lahora.mx\/index.php\/wp-json\/wp\/v2\/tags?post=18670"}],"curies":[{"name":"wp","href":"https:\/\/api.w.org\/{rel}","templated":true}]}}