{"id":18667,"date":"2022-12-27T19:33:32","date_gmt":"2022-12-27T19:33:32","guid":{"rendered":"http:\/\/lahora.mx\/?p=18667"},"modified":"2022-12-27T19:33:32","modified_gmt":"2022-12-27T19:33:32","slug":"usuarios-enfurecen-contra-volaris-tras-cancelacion-de-vuelo-puebla-cancun","status":"publish","type":"post","link":"https:\/\/lahora.mx\/index.php\/2022\/12\/27\/usuarios-enfurecen-contra-volaris-tras-cancelacion-de-vuelo-puebla-cancun\/","title":{"rendered":"Usuarios enfurecen contra Volaris  tras cancelaci\u00f3n de vuelo Puebla-Canc\u00fan"},"content":{"rendered":"\n<p>Pasajeros del vuelo Puebla-Canc\u00fan se manifestaron en las instalaciones del Aeropuerto Internacional Hermanos Serd\u00e1n luego de que la empresa Volaris cancel\u00f3 su viaje programado el d\u00eda de ayer, lunes 26 de diciembre a las 17:05 horas.<\/p>\n\n\n\n<p>Usuarios de redes sociales compartieron en sus cuentas un video en el que se muestra la inconformidad de algunos pasajeros en contra de la aerol\u00ednea Volaris.<br>Se\u00f1alaron que dicha empresa cancel\u00f3 su viaje a Canc\u00fan, Quintana Roo minutos antes del vuelo sin haberlos notificado antes.<\/p>\n\n\n\n<p>Ello caus\u00f3 la indignaci\u00f3n de los pasajeros quienes pidieron al personal del aeropuerto la presencia de representantes de Volaris para exigir una soluci\u00f3n.<\/p>\n\n\n\n<p>Volaris cancela vuelos en Tijuana y Ciudad Ju\u00e1rez<br>Este no es el primer caso en los \u00faltimos d\u00edas en los que Volaris cancela vuelos y es que en hoy 27 de diciembre usuarios tambi\u00e9n reportaron la suspensi\u00f3n del vuelo Ciudad Ju\u00e1rez-Canc\u00fan programado para las 9:39 de la ma\u00f1ana en donde de igual forma, los pasajeros se\u00f1alan, que no hubo una explicaci\u00f3n concreta sobre el hecho.<\/p>\n\n\n\n<p>En tanto que en Tijuana Volaris ha cancelado diversos vuelos, aunque en este destino ha sido a consecuencia de la tormenta invernal Elliot.<\/p>\n\n\n\n<p>Renuncia masiva de trabajadores de Volaris<br>Otra de las explicaciones en torno a la repentina cancelaci\u00f3n de vuelos de Volaris proviene del vocero de la Asociaci\u00f3n Sindical de Pilotos Aviadores de M\u00e9xico, Jos\u00e9 Alonso, quien en entrevista para El Heraldo afirm\u00f3 que a las complicaciones por causas climatol\u00f3gicas se suma una presunta renuncia masiva de trabajadores de Volaris, lo que habr\u00eda desencadenado un caos en la operaci\u00f3n de la aerol\u00ednea.<\/p>\n\n\n\n<p>\u201cTrabajadores de tierra decidieron renunciar o no asistir a su trabajo de forma masiva por las condiciones contractuales que tiene, porque no est\u00e1n conformes, porque no les han pagado horas extras\u201d, afirm\u00f3 el vocero.<\/p>\n\n\n\n<p>Cabe se\u00f1alar que desde el pasado 21 de diciembre la aerol\u00ednea Volaris inform\u00f3 en sus redes sociales que algunos de sus vuelos podr\u00edan verse afectados a causa de las malas condiciones clim\u00e1ticas provocadas por la tormenta Elliot.<\/p>\n\n\n\n<p>Actividad del Popocat\u00e9petl provoca cancelaci\u00f3n de vuelos en Puebla<\/p>\n\n\n\n<p>Sin embargo, \u00e9sta no es la primera vez que se cancela alg\u00fan vuelo del aeropuerto Hermanos Serd\u00e1n durante el mes de diciembre.<\/p>\n\n\n\n<p>Desde el pasado 16 de diciembre la aerol\u00ednea estadounidense United Airlines inform\u00f3 la cancelaci\u00f3n de vuelos en Puebla con destino a Houston, Texas.<\/p>\n\n\n\n<p>Del mismo modo, dicha aerol\u00ednea tambi\u00e9n cancel\u00f3 los viajes programados en el aeropuerto George Bush de la ciudad de Texas con destino a Puebla.<\/p>\n\n\n\n<p>Al momento United Airlines suma un total de ocho vuelos cancelados en un lapso de diez d\u00edas, los cuales se deben a la reciente actividad del volc\u00e1n Popocat\u00e9petl.<\/p>\n\n\n\n<p>Hasta el momento no existe una versi\u00f3n oficial por parte de Volaris sobre la canci\u00f3n del vuelo Puebla-Canc\u00fan.<\/p>\n","protected":false},"excerpt":{"rendered":"<p>Pasajeros del vuelo Puebla-Canc\u00fan se manifestaron en las instalaciones del Aeropuerto Internacional Hermanos Serd\u00e1n luego de que la empresa Volaris cancel\u00f3 su viaje programado el d\u00eda de ayer, lunes 26 de diciembre a las 17:05 horas. Usuarios de redes sociales compartieron en sus cuentas un video en el que se muestra la inconformidad de algunos [&hellip;]<\/p>\n","protected":false},"author":4,"featured_media":18668,"comment_status":"open","ping_status":"open","sticky":false,"template":"","format":"standard","meta":{"om_disable_all_campaigns":false,"_monsterinsights_skip_tracking":false,"_monsterinsights_sitenote_active":false,"_monsterinsights_sitenote_note":"","_monsterinsights_sitenote_category":0,"footnotes":""},"categories":[175],"tags":[223],"class_list":["post-18667","post","type-post","status-publish","format-standard","has-post-thumbnail","hentry","category-local","tag-puebla"],"amp_enabled":true,"_links":{"self":[{"href":"https:\/\/lahora.mx\/index.php\/wp-json\/wp\/v2\/posts\/18667","targetHints":{"allow":["GET"]}}],"collection":[{"href":"https:\/\/lahora.mx\/index.php\/wp-json\/wp\/v2\/posts"}],"about":[{"href":"https:\/\/lahora.mx\/index.php\/wp-json\/wp\/v2\/types\/post"}],"author":[{"embeddable":true,"href":"https:\/\/lahora.mx\/index.php\/wp-json\/wp\/v2\/users\/4"}],"replies":[{"embeddable":true,"href":"https:\/\/lahora.mx\/index.php\/wp-json\/wp\/v2\/comments?post=18667"}],"version-history":[{"count":1,"href":"https:\/\/lahora.mx\/index.php\/wp-json\/wp\/v2\/posts\/18667\/revisions"}],"predecessor-version":[{"id":18669,"href":"https:\/\/lahora.mx\/index.php\/wp-json\/wp\/v2\/posts\/18667\/revisions\/18669"}],"wp:featuredmedia":[{"embeddable":true,"href":"https:\/\/lahora.mx\/index.php\/wp-json\/wp\/v2\/media\/18668"}],"wp:attachment":[{"href":"https:\/\/lahora.mx\/index.php\/wp-json\/wp\/v2\/media?parent=18667"}],"wp:term":[{"taxonomy":"category","embeddable":true,"href":"https:\/\/lahora.mx\/index.php\/wp-json\/wp\/v2\/categories?post=18667"},{"taxonomy":"post_tag","embeddable":true,"href":"https:\/\/lahora.mx\/index.php\/wp-json\/wp\/v2\/tags?post=18667"}],"curies":[{"name":"wp","href":"https:\/\/api.w.org\/{rel}","templated":true}]}}