{"id":18664,"date":"2022-12-27T19:27:59","date_gmt":"2022-12-27T19:27:59","guid":{"rendered":"http:\/\/lahora.mx\/?p=18664"},"modified":"2022-12-27T19:27:59","modified_gmt":"2022-12-27T19:27:59","slug":"amlo-firma-decreto-de-vacaciones-dignas-para-ampliarse-a-12-dias-de-descanso","status":"publish","type":"post","link":"https:\/\/lahora.mx\/index.php\/2022\/12\/27\/amlo-firma-decreto-de-vacaciones-dignas-para-ampliarse-a-12-dias-de-descanso\/","title":{"rendered":"AMLO firma decreto de vacaciones dignas para ampliarse a 12 d\u00edas de descanso"},"content":{"rendered":"\n<p>Andr\u00e9s Manuel L\u00f3pez Obrador, presidente de M\u00e9xico, inform\u00f3 que ya ha firmado el decreto de vacaciones dignas, por lo que ser\u00e1 publicado este martes 27 de diciembre en el Diario Oficial de la Federaci\u00f3n (DOF).<\/p>\n\n\n\n<p>En su conferencia de prensa matutina, L\u00f3pez Obrador dio a conocer que ayer lunes 26 de diciembre firm\u00f3 las reformas que se hicieron a la Ley Federal del Trabajo, las cuales otorgan 12 d\u00edas de descanso de forma continua y pagadas, en lugar de seis que anteriormente se se\u00f1alaban.<\/p>\n\n\n\n<p>A\u00f1adi\u00f3 que con su firma, la reforma que entrar\u00e1 en vigor el pr\u00f3ximo a\u00f1o y se publicar\u00e1 hoy en el DOF: \u201cYa firm\u00e9 el decreto. Ya\u201d, sentenci\u00f3.<br>Asimismo asegur\u00f3 que las vacaciones podr\u00e1n ser solventadas por microempresarios ya que la gasolina y energ\u00eda el\u00e9ctrica no aumentar\u00e1n sus costos, al igual que los impuestos:<\/p>\n\n\n\n<p>\u201cNo es como antes de: a ver, hay que apretarnos el cintur\u00f3n; el pueblo se aprieta el cintur\u00f3n y el gobierno derrocha. No, \u00bfpor qu\u00e9 no aumenta el precio de la gasolina, de la luz? Porque no se permite la corrupci\u00f3n\u201d, declar\u00f3 AMLO respecto al pago de las vacaciones dignas.<\/p>\n","protected":false},"excerpt":{"rendered":"<p>Andr\u00e9s Manuel L\u00f3pez Obrador, presidente de M\u00e9xico, inform\u00f3 que ya ha firmado el decreto de vacaciones dignas, por lo que ser\u00e1 publicado este martes 27 de diciembre en el Diario Oficial de la Federaci\u00f3n (DOF). En su conferencia de prensa matutina, L\u00f3pez Obrador dio a conocer que ayer lunes 26 de diciembre firm\u00f3 las reformas [&hellip;]<\/p>\n","protected":false},"author":4,"featured_media":18665,"comment_status":"open","ping_status":"open","sticky":false,"template":"","format":"standard","meta":{"om_disable_all_campaigns":false,"_monsterinsights_skip_tracking":false,"_monsterinsights_sitenote_active":false,"_monsterinsights_sitenote_note":"","_monsterinsights_sitenote_category":0,"footnotes":""},"categories":[176],"tags":[195],"class_list":["post-18664","post","type-post","status-publish","format-standard","has-post-thumbnail","hentry","category-nacional","tag-principal"],"amp_enabled":true,"_links":{"self":[{"href":"https:\/\/lahora.mx\/index.php\/wp-json\/wp\/v2\/posts\/18664","targetHints":{"allow":["GET"]}}],"collection":[{"href":"https:\/\/lahora.mx\/index.php\/wp-json\/wp\/v2\/posts"}],"about":[{"href":"https:\/\/lahora.mx\/index.php\/wp-json\/wp\/v2\/types\/post"}],"author":[{"embeddable":true,"href":"https:\/\/lahora.mx\/index.php\/wp-json\/wp\/v2\/users\/4"}],"replies":[{"embeddable":true,"href":"https:\/\/lahora.mx\/index.php\/wp-json\/wp\/v2\/comments?post=18664"}],"version-history":[{"count":1,"href":"https:\/\/lahora.mx\/index.php\/wp-json\/wp\/v2\/posts\/18664\/revisions"}],"predecessor-version":[{"id":18666,"href":"https:\/\/lahora.mx\/index.php\/wp-json\/wp\/v2\/posts\/18664\/revisions\/18666"}],"wp:featuredmedia":[{"embeddable":true,"href":"https:\/\/lahora.mx\/index.php\/wp-json\/wp\/v2\/media\/18665"}],"wp:attachment":[{"href":"https:\/\/lahora.mx\/index.php\/wp-json\/wp\/v2\/media?parent=18664"}],"wp:term":[{"taxonomy":"category","embeddable":true,"href":"https:\/\/lahora.mx\/index.php\/wp-json\/wp\/v2\/categories?post=18664"},{"taxonomy":"post_tag","embeddable":true,"href":"https:\/\/lahora.mx\/index.php\/wp-json\/wp\/v2\/tags?post=18664"}],"curies":[{"name":"wp","href":"https:\/\/api.w.org\/{rel}","templated":true}]}}