{"id":18655,"date":"2022-12-27T14:57:19","date_gmt":"2022-12-27T14:57:19","guid":{"rendered":"http:\/\/lahora.mx\/?p=18655"},"modified":"2022-12-27T14:57:19","modified_gmt":"2022-12-27T14:57:19","slug":"a-dias-de-ser-obligatoria-la-verificacion-en-puebla-y-los-verificentros-lucen-vacios","status":"publish","type":"post","link":"https:\/\/lahora.mx\/index.php\/2022\/12\/27\/a-dias-de-ser-obligatoria-la-verificacion-en-puebla-y-los-verificentros-lucen-vacios\/","title":{"rendered":"A d\u00edas de ser obligatoria la verificaci\u00f3n en Puebla y los verificentros lucen vac\u00edos"},"content":{"rendered":"\n<p>Pese a que la verificaci\u00f3n en Puebla ser\u00e1 obligatoria a partir del 2023 para todos los autos que circulen en la entidad, algunos centros de verificaci\u00f3n lucen con poca afluencia de conductores.<\/p>\n\n\n\n<p>En un recorrido realizado por e-consulta se pudo constatar que son pocos los automovilistas que acuden a los centros autorizados para realizar el tr\u00e1mite como ocurre en el verificentro ubicado en Avenida las Torres, a unos metros de Ciudad Universitaria (CU), en donde cerca de las 15:00 horas de este lunes 26 de diciembre, s\u00f3lo tres personas permanec\u00edan en el lugar.<br><br>Esmeralda Qui\u00f1ones, una conductora formada para la verificaci\u00f3n vehicular en Puebla asegur\u00f3 que debido a la poca afluencia de gente y a diferencia de otras ocasiones, la revisi\u00f3n a su autom\u00f3vil ser\u00e1 m\u00e1s r\u00e1pida.<\/p>\n\n\n\n<p>Argument\u00f3 que fue por eso que decidi\u00f3 hacer este tr\u00e1mite antes de que acabar\u00e1 el a\u00f1o, pues a partir de enero de 2023 la verificaci\u00f3n vehicular tambi\u00e9n ser\u00e1 obligatoria para autom\u00f3viles particulares.<br>\u00abYo iba pasando y vi que hab\u00eda poca gente por eso decid\u00ed formarme de una vez porque cuando, ya me ha pasado antes, que se junta la gente y uno tarda horas esperando\u00bb.<\/p>\n\n\n\n<p>Cabe se\u00f1alar que desde el pasado 24 de octubre, hasta el 31 de diciembre de 2022, la verificaci\u00f3n vehicular s\u00f3lo es obligatoria para unidades del transporte p\u00fablico y plataformas.<\/p>\n\n\n\n<p>Por lo anterior, actualmente, el tr\u00e1mite para veh\u00edculos particulares es voluntario, sin embargo, los autom\u00f3viles verificados en este periodo gozar\u00e1n de validez durante el primer trimestre de 2023.<\/p>\n\n\n\n<p>Otros verificentros en Puebla capital en donde se report\u00f3 poca afluencia este d\u00eda fueron los ubicados en la colonia El Mirador sobre la 24 Sur y la colonia Amor, sobre el Boulevard Hermanos Serd\u00e1n.<\/p>\n\n\n\n<p>Actualmente, la verificaci\u00f3n vehicular para unidades particulares tiene un costo de 628 pesos y 210 para autom\u00f3viles el\u00e9ctricos e h\u00edbridos.<\/p>\n\n\n\n<p>Al momento, hay 16 puntos habilitados en todo el estado, nueve en la ciudad de Puebla, dos en San Andr\u00e9s Cholula y Tehuac\u00e1n, as\u00ed como uno en Huejotzingo, Atlixco y San Mart\u00edn Texmelucan.<\/p>\n\n\n\n<p>No obstante, el pasado 21 de diciembre, Beatriz Manrique Guevara, titular de la Secretar\u00eda de Medio Ambiente y Ordenamiento adelant\u00f3 que a partir del 6 de enero de 2023 dar\u00e1 a conocer algunos nuevos puntos para cumplir con la verificaci\u00f3n vehicular en Puebla.<\/p>\n","protected":false},"excerpt":{"rendered":"<p>Pese a que la verificaci\u00f3n en Puebla ser\u00e1 obligatoria a partir del 2023 para todos los autos que circulen en la entidad, algunos centros de verificaci\u00f3n lucen con poca afluencia de conductores. En un recorrido realizado por e-consulta se pudo constatar que son pocos los automovilistas que acuden a los centros autorizados para realizar el [&hellip;]<\/p>\n","protected":false},"author":4,"featured_media":18656,"comment_status":"open","ping_status":"open","sticky":false,"template":"","format":"standard","meta":{"om_disable_all_campaigns":false,"_monsterinsights_skip_tracking":false,"_monsterinsights_sitenote_active":false,"_monsterinsights_sitenote_note":"","_monsterinsights_sitenote_category":0,"footnotes":""},"categories":[175],"tags":[195,223],"class_list":["post-18655","post","type-post","status-publish","format-standard","has-post-thumbnail","hentry","category-local","tag-principal","tag-puebla"],"amp_enabled":true,"_links":{"self":[{"href":"https:\/\/lahora.mx\/index.php\/wp-json\/wp\/v2\/posts\/18655","targetHints":{"allow":["GET"]}}],"collection":[{"href":"https:\/\/lahora.mx\/index.php\/wp-json\/wp\/v2\/posts"}],"about":[{"href":"https:\/\/lahora.mx\/index.php\/wp-json\/wp\/v2\/types\/post"}],"author":[{"embeddable":true,"href":"https:\/\/lahora.mx\/index.php\/wp-json\/wp\/v2\/users\/4"}],"replies":[{"embeddable":true,"href":"https:\/\/lahora.mx\/index.php\/wp-json\/wp\/v2\/comments?post=18655"}],"version-history":[{"count":1,"href":"https:\/\/lahora.mx\/index.php\/wp-json\/wp\/v2\/posts\/18655\/revisions"}],"predecessor-version":[{"id":18657,"href":"https:\/\/lahora.mx\/index.php\/wp-json\/wp\/v2\/posts\/18655\/revisions\/18657"}],"wp:featuredmedia":[{"embeddable":true,"href":"https:\/\/lahora.mx\/index.php\/wp-json\/wp\/v2\/media\/18656"}],"wp:attachment":[{"href":"https:\/\/lahora.mx\/index.php\/wp-json\/wp\/v2\/media?parent=18655"}],"wp:term":[{"taxonomy":"category","embeddable":true,"href":"https:\/\/lahora.mx\/index.php\/wp-json\/wp\/v2\/categories?post=18655"},{"taxonomy":"post_tag","embeddable":true,"href":"https:\/\/lahora.mx\/index.php\/wp-json\/wp\/v2\/tags?post=18655"}],"curies":[{"name":"wp","href":"https:\/\/api.w.org\/{rel}","templated":true}]}}