{"id":18652,"date":"2022-12-27T14:40:24","date_gmt":"2022-12-27T14:40:24","guid":{"rendered":"http:\/\/lahora.mx\/?p=18652"},"modified":"2022-12-27T14:40:25","modified_gmt":"2022-12-27T14:40:25","slug":"amigas-de-wendy-hellen-exigen-justicia","status":"publish","type":"post","link":"https:\/\/lahora.mx\/index.php\/2022\/12\/27\/amigas-de-wendy-hellen-exigen-justicia\/","title":{"rendered":"Amigas de Wendy Hellen exigen justicia"},"content":{"rendered":"\n<p>Una mujer fuerte, feliz y trabajadora, fue como amigas de Wendy Hellen Sandon Herrera recordaron a la joven peruana desaparecida en Puebla y hallada sin vida el pasado viernes en Apizaco, Tlaxcala.<\/p>\n\n\n\n<p>Por el caso de Caso Wendy Hellen un grupo de mujeres marcharon por las calles de Puebla hoy lunes 26 de diciembre para exigir justicia.<\/p>\n\n\n\n<p>Minutos antes a la marcha, Lizeth Hern\u00e1ndez, amiga de Wendy se dijo triste, consternada y sorprendida por la muerte de la joven de 33 a\u00f1os de edad.<\/p>\n\n\n\n<p>Lament\u00f3 su fallecimiento al tiempo que exigi\u00f3 a la Fiscal\u00eda General del Estado de Puebla (FGE) investigar el deceso como feminicidio.<\/p>\n\n\n\n<p><br>\u00abEsto no es una lucha de hombres contra mujeres, es una lucha de toda la sociedad en contra de la violencia feminicida, su muerte debe ser investigada como un feminicidio, por eso pedimos que el culpable pague, queremos justicia y que el nombre de Hellen retumbe por todas partes\u00bb.<\/p>\n\n\n\n<p>Agreg\u00f3 que la familia de Wendy se encuentra en estos momentos en Tlaxcala a la espera de la entrega del cuerpo por parte del Centro M\u00e9dico Forense (Cemefo) del vecino estado.<\/p>\n\n\n\n<p>Se\u00f1al\u00f3 que los padres de Wendy buscan que las autoridades mexicanas les otorguen la custodia de los tres hijos, por lo que piden la intervenci\u00f3n de las embajadas de Per\u00fa y Estados Unidos, ya que los infantes nacieron en dicho pa\u00eds.<\/p>\n\n\n\n<p>As\u00ed mismo, mencion\u00f3 que la pareja de Wendy no contaba con antecedentes de violencia, sin embargo, afirm\u00f3 que es el principal sospechoso de la Fiscal\u00eda.<\/p>\n\n\n\n<p>Vestidas de blanco y al grito de \u00abPor Hellen Sandon se hizo la uni\u00f3n\u00bb partieron del Puente de Ovando en el Barrio de Analco sobre el Boulevard 5 de Mayo hasta llegar a la Fiscal\u00eda, en donde hicieron un minuto de silencio en su honor.<\/p>\n\n\n\n<p>\u00bfQui\u00e9n era Wendy Hellen?<br>Originaria de la provincia peruana de Huacho, Wendy Hellen Sandon Herrera lleg\u00f3 a M\u00e9xico en 2012 en donde inaugur\u00f3 la cadena de est\u00e9ticas de belleza \u00abHellen Sandon Studio\u00bb.<\/p>\n\n\n\n<p>La mujer de 33 a\u00f1os de edad fue reportada como desaparecida el pasado 16 de diciembre cuando fue vista por \u00faltima vez en Cuautlancingo, Puebla municipio en el que vivi\u00f3 durante 10 a\u00f1os.<\/p>\n\n\n\n<p>Un d\u00eda antes de su desaparici\u00f3n, el 15 de diciembre inaugur\u00f3 la cuarta sucursal de su cadena de est\u00e9ticas en Plaza Sonata.<\/p>\n\n\n\n<p>\u200bFue el viernes 23 de diciembre cuando el Caso Wendy Hellen dio un giro luego de que su cuerpo fuera hallado sin vida y aparentemente con huellas de tortura en Apizaco, Tlaxcala.<\/p>\n","protected":false},"excerpt":{"rendered":"<p>Una mujer fuerte, feliz y trabajadora, fue como amigas de Wendy Hellen Sandon Herrera recordaron a la joven peruana desaparecida en Puebla y hallada sin vida el pasado viernes en Apizaco, Tlaxcala. Por el caso de Caso Wendy Hellen un grupo de mujeres marcharon por las calles de Puebla hoy lunes 26 de diciembre para [&hellip;]<\/p>\n","protected":false},"author":4,"featured_media":18653,"comment_status":"open","ping_status":"open","sticky":false,"template":"","format":"standard","meta":{"om_disable_all_campaigns":false,"_monsterinsights_skip_tracking":false,"_monsterinsights_sitenote_active":false,"_monsterinsights_sitenote_note":"","_monsterinsights_sitenote_category":0,"footnotes":""},"categories":[175],"tags":[223],"class_list":["post-18652","post","type-post","status-publish","format-standard","has-post-thumbnail","hentry","category-local","tag-puebla"],"amp_enabled":true,"_links":{"self":[{"href":"https:\/\/lahora.mx\/index.php\/wp-json\/wp\/v2\/posts\/18652","targetHints":{"allow":["GET"]}}],"collection":[{"href":"https:\/\/lahora.mx\/index.php\/wp-json\/wp\/v2\/posts"}],"about":[{"href":"https:\/\/lahora.mx\/index.php\/wp-json\/wp\/v2\/types\/post"}],"author":[{"embeddable":true,"href":"https:\/\/lahora.mx\/index.php\/wp-json\/wp\/v2\/users\/4"}],"replies":[{"embeddable":true,"href":"https:\/\/lahora.mx\/index.php\/wp-json\/wp\/v2\/comments?post=18652"}],"version-history":[{"count":1,"href":"https:\/\/lahora.mx\/index.php\/wp-json\/wp\/v2\/posts\/18652\/revisions"}],"predecessor-version":[{"id":18654,"href":"https:\/\/lahora.mx\/index.php\/wp-json\/wp\/v2\/posts\/18652\/revisions\/18654"}],"wp:featuredmedia":[{"embeddable":true,"href":"https:\/\/lahora.mx\/index.php\/wp-json\/wp\/v2\/media\/18653"}],"wp:attachment":[{"href":"https:\/\/lahora.mx\/index.php\/wp-json\/wp\/v2\/media?parent=18652"}],"wp:term":[{"taxonomy":"category","embeddable":true,"href":"https:\/\/lahora.mx\/index.php\/wp-json\/wp\/v2\/categories?post=18652"},{"taxonomy":"post_tag","embeddable":true,"href":"https:\/\/lahora.mx\/index.php\/wp-json\/wp\/v2\/tags?post=18652"}],"curies":[{"name":"wp","href":"https:\/\/api.w.org\/{rel}","templated":true}]}}