{"id":18642,"date":"2022-12-26T18:05:00","date_gmt":"2022-12-26T18:05:00","guid":{"rendered":"http:\/\/lahora.mx\/?p=18642"},"modified":"2022-12-26T18:05:01","modified_gmt":"2022-12-26T18:05:01","slug":"ultimos-dias-para-realizar-pago-anticipado-de-predial-2023-en-puebla-capital","status":"publish","type":"post","link":"https:\/\/lahora.mx\/index.php\/2022\/12\/26\/ultimos-dias-para-realizar-pago-anticipado-de-predial-2023-en-puebla-capital\/","title":{"rendered":"\u00daltimos d\u00edas para realizar pago anticipado de predial 2023 en Puebla capital"},"content":{"rendered":"\n<p>El Ayuntamiento de Puebla, a trav\u00e9s de la Tesorer\u00eda Municipal informa a la ciudadan\u00eda que el periodo para realizar el pago anticipado de Predial 2023 concluye este pr\u00f3ximo jueves 29 de diciembre.<\/p>\n\n\n\n<p>De igual manera, se recuerda a las y los poblanos que el descuento por realizar dicha contribuci\u00f3n de manera anticipada es del 5 por ciento, as\u00ed como un descuento del 100 por ciento en multas y 50 por ciento en recargos para aquellas cuentas con rezago.<\/p>\n\n\n\n<p>Para m\u00e1s informaci\u00f3n relacionada con horarios y puntos de cobro las y los interesados pueden acceder al sitio www.pueblacapital.gob.mx\/predial, donde tambi\u00e9n podr\u00e1n realizar el pago en l\u00ednea.<\/p>\n\n\n\n<figure class=\"wp-block-image size-full\"><img fetchpriority=\"high\" decoding=\"async\" width=\"711\" height=\"461\" src=\"https:\/\/lahora.mx\/wp-content\/uploads\/2022\/12\/Captura-de-pantalla-2022-12-26-a-las-12.05.43.png\" alt=\"\" class=\"wp-image-18644\" srcset=\"https:\/\/lahora.mx\/wp-content\/uploads\/2022\/12\/Captura-de-pantalla-2022-12-26-a-las-12.05.43.png 711w, https:\/\/lahora.mx\/wp-content\/uploads\/2022\/12\/Captura-de-pantalla-2022-12-26-a-las-12.05.43-300x195.png 300w\" sizes=\"(max-width: 711px) 100vw, 711px\" \/><\/figure>\n\n\n\n<p>Este 31 de diciembre, el horario de atenci\u00f3n ser\u00e1 de 9:00 a 13:00 horas; reanudando actividades el lunes 02 de enero en horario normal.<\/p>\n","protected":false},"excerpt":{"rendered":"<p>El Ayuntamiento de Puebla, a trav\u00e9s de la Tesorer\u00eda Municipal informa a la ciudadan\u00eda que el periodo para realizar el pago anticipado de Predial 2023 concluye este pr\u00f3ximo jueves 29 de diciembre. De igual manera, se recuerda a las y los poblanos que el descuento por realizar dicha contribuci\u00f3n de manera anticipada es del 5 [&hellip;]<\/p>\n","protected":false},"author":4,"featured_media":18643,"comment_status":"open","ping_status":"open","sticky":false,"template":"","format":"standard","meta":{"om_disable_all_campaigns":false,"_monsterinsights_skip_tracking":false,"_monsterinsights_sitenote_active":false,"_monsterinsights_sitenote_note":"","_monsterinsights_sitenote_category":0,"footnotes":""},"categories":[175],"tags":[195,223],"class_list":["post-18642","post","type-post","status-publish","format-standard","has-post-thumbnail","hentry","category-local","tag-principal","tag-puebla"],"amp_enabled":true,"_links":{"self":[{"href":"https:\/\/lahora.mx\/index.php\/wp-json\/wp\/v2\/posts\/18642","targetHints":{"allow":["GET"]}}],"collection":[{"href":"https:\/\/lahora.mx\/index.php\/wp-json\/wp\/v2\/posts"}],"about":[{"href":"https:\/\/lahora.mx\/index.php\/wp-json\/wp\/v2\/types\/post"}],"author":[{"embeddable":true,"href":"https:\/\/lahora.mx\/index.php\/wp-json\/wp\/v2\/users\/4"}],"replies":[{"embeddable":true,"href":"https:\/\/lahora.mx\/index.php\/wp-json\/wp\/v2\/comments?post=18642"}],"version-history":[{"count":1,"href":"https:\/\/lahora.mx\/index.php\/wp-json\/wp\/v2\/posts\/18642\/revisions"}],"predecessor-version":[{"id":18645,"href":"https:\/\/lahora.mx\/index.php\/wp-json\/wp\/v2\/posts\/18642\/revisions\/18645"}],"wp:featuredmedia":[{"embeddable":true,"href":"https:\/\/lahora.mx\/index.php\/wp-json\/wp\/v2\/media\/18643"}],"wp:attachment":[{"href":"https:\/\/lahora.mx\/index.php\/wp-json\/wp\/v2\/media?parent=18642"}],"wp:term":[{"taxonomy":"category","embeddable":true,"href":"https:\/\/lahora.mx\/index.php\/wp-json\/wp\/v2\/categories?post=18642"},{"taxonomy":"post_tag","embeddable":true,"href":"https:\/\/lahora.mx\/index.php\/wp-json\/wp\/v2\/tags?post=18642"}],"curies":[{"name":"wp","href":"https:\/\/api.w.org\/{rel}","templated":true}]}}