{"id":18633,"date":"2022-12-26T17:52:24","date_gmt":"2022-12-26T17:52:24","guid":{"rendered":"http:\/\/lahora.mx\/?p=18633"},"modified":"2022-12-26T17:52:25","modified_gmt":"2022-12-26T17:52:25","slug":"ministra-esquivel-mossa-niega-senalamientos-de-plagio","status":"publish","type":"post","link":"https:\/\/lahora.mx\/index.php\/2022\/12\/26\/ministra-esquivel-mossa-niega-senalamientos-de-plagio\/","title":{"rendered":"Ministra Esquivel Mossa niega se\u00f1alamientos de plagio"},"content":{"rendered":"\n<p>La ministra Yasmin Esquivel Mossa difundi\u00f3 a trav\u00e9s de sus redes sociales un posicionamiento sobre el supuesto plagio de su proyecto de tesis de licenciatura.<\/p>\n\n\n\n<p>En el documento neg\u00f3 \u201cterminante y categ\u00f3ricamente\u201d los se\u00f1alamientos que han circulado en redes sociales sobre el supuesto plagio de su tesis. Esto luego de que la Universidad Nacional Aut\u00f3noma de M\u00e9xico (UNAM) informara que tras un cotejo pormenorizado de la tesis presentada por la ministra, contra otra presentada un a\u00f1o antes, se encontr\u00f3 \u00abalto nivel de coincidencias\u00bb entre ambos textos.<\/p>\n\n\n\n<p>En un posicionamiento la Ministra, destac\u00f3 que la UNAM ha abierto un proceso de revisi\u00f3n, lo cual le parece una acci\u00f3n adecuada para que se defina y analice con base en la legislaci\u00f3n universitaria, adem\u00e1s confirm\u00f3 su disposici\u00f3n para colaborar con las autoridades universitarias en el proceso y as\u00ed deslindar responsabilidades.<\/p>\n\n\n\n<p>\u201cSoy la primera interesada en que se esclarezca esta situaci\u00f3n en su totalidad y se compruebe la verdad. Por otra parte he denunciado ante la Fiscal\u00eda correspondiente el supuesto plagio de mi proyecto de tesis\u201d, asever\u00f3 la Ministra.<\/p>\n\n\n\n<p>Resalt\u00f3 que es evidente que el objetivo de estas difamaciones es intervenir en un proceso que le compete \u00fanicamente a las ministras y los ministros de la Corte.<\/p>\n\n\n\n<p>\u201cEsta campa\u00f1a perversa, pretende incidir en la opini\u00f3n p\u00fablica e influir en el \u00e1nimo de quienes deben tomar la decisi\u00f3n en esta elecci\u00f3n\u201d, asever\u00f3 Esquivel.<\/p>\n\n\n\n<p>Se\u00f1al\u00f3 que su tesis de licenciatura es original como lo han calificado y dado testimonio en diversas intervenciones y declaraciones recientes tanto la maestra Martha Rodr\u00edguez Ortiz, quien fue la directora de esta tesis como el doctor Hugo Talo Morales, quien dirigi\u00f3 el seminario de Derecho del Trabajo y Seguridad Social de la Facultad de Derecho de la UNAM.<\/p>\n\n\n\n<p>\u201cNinguno de los acad\u00e9micos participantes en el proceso de elaboraci\u00f3n de mi tesis, ni la que suscribe fuimos contactados para corroborar y cotejar la informaci\u00f3n publicada, lo cual constituye una falta de \u00e9tica y profesionalismo period\u00edstico\u201d, resalt\u00f3 la Ministra.<\/p>\n","protected":false},"excerpt":{"rendered":"<p>La ministra Yasmin Esquivel Mossa difundi\u00f3 a trav\u00e9s de sus redes sociales un posicionamiento sobre el supuesto plagio de su proyecto de tesis de licenciatura. En el documento neg\u00f3 \u201cterminante y categ\u00f3ricamente\u201d los se\u00f1alamientos que han circulado en redes sociales sobre el supuesto plagio de su tesis. Esto luego de que la Universidad Nacional Aut\u00f3noma [&hellip;]<\/p>\n","protected":false},"author":4,"featured_media":18634,"comment_status":"open","ping_status":"open","sticky":false,"template":"","format":"standard","meta":{"om_disable_all_campaigns":false,"_monsterinsights_skip_tracking":false,"_monsterinsights_sitenote_active":false,"_monsterinsights_sitenote_note":"","_monsterinsights_sitenote_category":0,"footnotes":""},"categories":[176],"tags":[],"class_list":["post-18633","post","type-post","status-publish","format-standard","has-post-thumbnail","hentry","category-nacional"],"amp_enabled":true,"_links":{"self":[{"href":"https:\/\/lahora.mx\/index.php\/wp-json\/wp\/v2\/posts\/18633","targetHints":{"allow":["GET"]}}],"collection":[{"href":"https:\/\/lahora.mx\/index.php\/wp-json\/wp\/v2\/posts"}],"about":[{"href":"https:\/\/lahora.mx\/index.php\/wp-json\/wp\/v2\/types\/post"}],"author":[{"embeddable":true,"href":"https:\/\/lahora.mx\/index.php\/wp-json\/wp\/v2\/users\/4"}],"replies":[{"embeddable":true,"href":"https:\/\/lahora.mx\/index.php\/wp-json\/wp\/v2\/comments?post=18633"}],"version-history":[{"count":1,"href":"https:\/\/lahora.mx\/index.php\/wp-json\/wp\/v2\/posts\/18633\/revisions"}],"predecessor-version":[{"id":18635,"href":"https:\/\/lahora.mx\/index.php\/wp-json\/wp\/v2\/posts\/18633\/revisions\/18635"}],"wp:featuredmedia":[{"embeddable":true,"href":"https:\/\/lahora.mx\/index.php\/wp-json\/wp\/v2\/media\/18634"}],"wp:attachment":[{"href":"https:\/\/lahora.mx\/index.php\/wp-json\/wp\/v2\/media?parent=18633"}],"wp:term":[{"taxonomy":"category","embeddable":true,"href":"https:\/\/lahora.mx\/index.php\/wp-json\/wp\/v2\/categories?post=18633"},{"taxonomy":"post_tag","embeddable":true,"href":"https:\/\/lahora.mx\/index.php\/wp-json\/wp\/v2\/tags?post=18633"}],"curies":[{"name":"wp","href":"https:\/\/api.w.org\/{rel}","templated":true}]}}