{"id":18432,"date":"2022-12-21T14:48:39","date_gmt":"2022-12-21T14:48:39","guid":{"rendered":"http:\/\/lahora.mx\/?p=18432"},"modified":"2022-12-21T14:48:40","modified_gmt":"2022-12-21T14:48:40","slug":"elon-musk-dejara-direccion-general-de-twitter-tras-encuesta","status":"publish","type":"post","link":"https:\/\/lahora.mx\/index.php\/2022\/12\/21\/elon-musk-dejara-direccion-general-de-twitter-tras-encuesta\/","title":{"rendered":"Elon Musk dejar\u00e1 direcci\u00f3n general de Twitter tras encuesta"},"content":{"rendered":"\n<p>Elon Musk anunci\u00f3 que renunciar\u00e1 a la direcci\u00f3n de Twitter tras perder una encuesta lanzada en esa plataforma donde preguntaba a sus seguidores si deb\u00eda seguir al frente de la red social.<\/p>\n\n\n\n<p>En la encuesta, lanzada el pasado domingo, el multimillonario perdi\u00f3 tras votar cerca de 17.5 millones de personas, ganando el \u201cS\u00cd\u201d con un 57.5% de los votos.<\/p>\n\n\n\n<p>Renunciar\u00e9 como director ejecutivo tan pronto encuentre a alguien tan tonto como para aceptar el puesto\u00bb, escribi\u00f3 Musk en Twitter, y dijo que despu\u00e9s de eso solo se ocupar\u00e1 de los equipos de programaci\u00f3n y servidores en Twitter.<\/p>\n\n\n\n<p>Musk, quien tambi\u00e9n es el jefe del fabricante de autom\u00f3viles Tesla y de la empresa de cohetes SpaceX, no reaccion\u00f3 de inmediato.<\/p>\n\n\n\n<p>El empresario de origen sudafricano asumi\u00f3 personalmente las riendas de Twitter el 27 de octubre tras un pol\u00e9mico acuerdo de compra de la red social por 44.000 millones de d\u00f3lares.<\/p>\n\n\n\n<p>Desde entonces se generaron varias controversias con el despido de la mitad del personal de Twitter, la readmisi\u00f3n de figuras de extrema derecha en la plataforma, la suspensi\u00f3n de periodistas y el intento de cobrar por servicios que antes eran gratuitos.<\/p>\n\n\n\n<p>Los analistas tambi\u00e9n han se\u00f1alado que el precio de las acciones de Tesla cayeron un tercio desde que Musk adquiri\u00f3 Twitter.<\/p>\n\n\n\n<p>Es dif\u00edcil ignorar los n\u00fameros desde que se cerr\u00f3 el acuerdo [de Twitter]\u00bb, tuite\u00f3 el experto en inversiones Gary Black, diciendo que cre\u00eda que la junta directiva de Tesla estaba presionando a Musk para que renunciara a su funci\u00f3n en Twitter.<\/p>\n\n\n\n<p>En intercambios con usuarios despu\u00e9s de publicar su \u00faltima encuesta, Musk afirm\u00f3 que no ten\u00eda un sucesor en mente y renov\u00f3 sus advertencias de que la plataforma podr\u00eda estar en camino a la bancarrota.<\/p>\n","protected":false},"excerpt":{"rendered":"<p>Elon Musk anunci\u00f3 que renunciar\u00e1 a la direcci\u00f3n de Twitter tras perder una encuesta lanzada en esa plataforma donde preguntaba a sus seguidores si deb\u00eda seguir al frente de la red social. En la encuesta, lanzada el pasado domingo, el multimillonario perdi\u00f3 tras votar cerca de 17.5 millones de personas, ganando el \u201cS\u00cd\u201d con un [&hellip;]<\/p>\n","protected":false},"author":4,"featured_media":18433,"comment_status":"open","ping_status":"open","sticky":false,"template":"","format":"standard","meta":{"om_disable_all_campaigns":false,"_monsterinsights_skip_tracking":false,"_monsterinsights_sitenote_active":false,"_monsterinsights_sitenote_note":"","_monsterinsights_sitenote_category":0,"footnotes":""},"categories":[183],"tags":[195],"class_list":["post-18432","post","type-post","status-publish","format-standard","has-post-thumbnail","hentry","category-internacional","tag-principal"],"amp_enabled":true,"_links":{"self":[{"href":"https:\/\/lahora.mx\/index.php\/wp-json\/wp\/v2\/posts\/18432","targetHints":{"allow":["GET"]}}],"collection":[{"href":"https:\/\/lahora.mx\/index.php\/wp-json\/wp\/v2\/posts"}],"about":[{"href":"https:\/\/lahora.mx\/index.php\/wp-json\/wp\/v2\/types\/post"}],"author":[{"embeddable":true,"href":"https:\/\/lahora.mx\/index.php\/wp-json\/wp\/v2\/users\/4"}],"replies":[{"embeddable":true,"href":"https:\/\/lahora.mx\/index.php\/wp-json\/wp\/v2\/comments?post=18432"}],"version-history":[{"count":1,"href":"https:\/\/lahora.mx\/index.php\/wp-json\/wp\/v2\/posts\/18432\/revisions"}],"predecessor-version":[{"id":18434,"href":"https:\/\/lahora.mx\/index.php\/wp-json\/wp\/v2\/posts\/18432\/revisions\/18434"}],"wp:featuredmedia":[{"embeddable":true,"href":"https:\/\/lahora.mx\/index.php\/wp-json\/wp\/v2\/media\/18433"}],"wp:attachment":[{"href":"https:\/\/lahora.mx\/index.php\/wp-json\/wp\/v2\/media?parent=18432"}],"wp:term":[{"taxonomy":"category","embeddable":true,"href":"https:\/\/lahora.mx\/index.php\/wp-json\/wp\/v2\/categories?post=18432"},{"taxonomy":"post_tag","embeddable":true,"href":"https:\/\/lahora.mx\/index.php\/wp-json\/wp\/v2\/tags?post=18432"}],"curies":[{"name":"wp","href":"https:\/\/api.w.org\/{rel}","templated":true}]}}