{"id":18408,"date":"2022-12-20T23:55:57","date_gmt":"2022-12-20T23:55:57","guid":{"rendered":"http:\/\/lahora.mx\/?p=18408"},"modified":"2022-12-20T23:55:58","modified_gmt":"2022-12-20T23:55:58","slug":"biden-y-trudeau-confirman-visita-a-mexico","status":"publish","type":"post","link":"https:\/\/lahora.mx\/index.php\/2022\/12\/20\/biden-y-trudeau-confirman-visita-a-mexico\/","title":{"rendered":"Biden y Trudeau confirman visita a M\u00e9xico"},"content":{"rendered":"\n<p>El presidente de Estados Unidos, Joe Biden, y el primer ministro de Canad\u00e1, Justin Trudeau, visitar\u00e1n M\u00e9xico en enero, anunci\u00f3 este martes tanto la Casa Blanca como el gobierno en Ottawa, que intenta reforzar los lazos con el pa\u00eds vecino, en particular en el contexto de la crisis migratoria.<\/p>\n\n\n\n<p>Biden asistir\u00e1 a la Cumbre de L\u00edderes de Am\u00e9rica del Norte los d\u00edas 9 y 10 de enero. All\u00ed se reunir\u00e1 con el presidente de M\u00e9xico, Andr\u00e9s Manuel L\u00f3pez Obrador, y el primer ministro canadiense, Justin Trudeau, dijo John Kirby, vocero del Consejo de Seguridad Nacional, en di\u00e1logo con periodistas, e indic\u00f3 que los tres discutir\u00e1n sobre clima, competitividad econ\u00f3mica y migraci\u00f3n, entre otros temas. Trudeau confirm\u00f3 el martes su asistencia a la reuni\u00f3n, conocida popularmente como la \u00abCumbre de los Tres Amigos\u00bb.<\/p>\n\n\n\n<p>En junio, AMLO, como suele referirse al presidente mexicano, no asisti\u00f3 a la Cumbre de las Am\u00e9ricas en Los \u00c1ngeles con el argumento de que Cuba, Venezuela y Nicaragua no hab\u00edan sido invitados. Dado que los intereses comerciales, la inmigraci\u00f3n y la lucha contra el narcotr\u00e1fico marcan la relaci\u00f3n bilateral, Biden y AMLO se reunieron en persona en Washington en julio y mantuvieron una entrevista telef\u00f3nica en octubre.<\/p>\n\n\n\n<p>Tanto Washington como Ciudad de M\u00e9xico buscan una estrecha asociaci\u00f3n, particularmente en seguridad y migraci\u00f3n, en momentos en que la administraci\u00f3n Biden lucha por implementar una estrategia duradera para gestionar la incesante llegada de migrantes a su frontera de m\u00e1s de 3 mil kil\u00f3metros con M\u00e9xico.<\/p>\n\n\n\n<p>Por el momento, la pol\u00edtica migratoria de la Casa Blanca se basa principalmente en una restricci\u00f3n de ingreso al pa\u00eds por motivos de salud, implementada por el antecesor de Biden, Donald Trump, en marzo de 2020, cuando la pandemia de coronavirus se extend\u00eda por Estados Unidos.<\/p>\n\n\n\n<p>Esta medida, conocida como T\u00edtulo 42, deb\u00eda expirar el mi\u00e9rcoles, pero la Corte Suprema de Estados Unidos decidi\u00f3 la noche del mi\u00e9rcoles que se mantendr\u00e1. Kirby dijo que Estados Unidos estaba \u00abtrabajando en este mismo momento\u00bb con M\u00e9xico para \u00ababordar la desinformaci\u00f3n que est\u00e1n difundiendo los contrabandistas\u00bb a fin de reclutar personas para cruzar la frontera estadounidense.<\/p>\n\n\n\n<p>Biden \u00abcree que una de las mejores formas de responder a la presi\u00f3n fronteriza es trabajar internacionalmente con nuestros socios en Am\u00e9rica Latina para reducir y desviar las llegadas de migrantes, particularmente de Centroam\u00e9rica\u00bb, subray\u00f3 Kriby.<\/p>\n\n\n\n<p>En un comunicado, la oficina de Trudeau dijo que los tres l\u00edderes \u00abcontinuar\u00e1n trabajando juntos para ayudar a hacer crecer nuestras econom\u00edas con el fin de beneficiar a todos y crear buenos empleos de clase media en todo el continente\u00bb.<\/p>\n\n\n\n<p>La declaraci\u00f3n canadiense especific\u00f3 que discutir\u00e1n la colaboraci\u00f3n en la cadena de suministro para la fabricaci\u00f3n de veh\u00edculos el\u00e9ctricos, un tema que ha estado en discusi\u00f3n en las conversaciones comerciales de Washington con la Uni\u00f3n Europea, que ha calificado de proteccionistas las pol\u00edticas estadunidenses.<\/p>\n","protected":false},"excerpt":{"rendered":"<p>El presidente de Estados Unidos, Joe Biden, y el primer ministro de Canad\u00e1, Justin Trudeau, visitar\u00e1n M\u00e9xico en enero, anunci\u00f3 este martes tanto la Casa Blanca como el gobierno en Ottawa, que intenta reforzar los lazos con el pa\u00eds vecino, en particular en el contexto de la crisis migratoria. Biden asistir\u00e1 a la Cumbre de [&hellip;]<\/p>\n","protected":false},"author":4,"featured_media":18409,"comment_status":"open","ping_status":"open","sticky":false,"template":"","format":"standard","meta":{"om_disable_all_campaigns":false,"_monsterinsights_skip_tracking":false,"_monsterinsights_sitenote_active":false,"_monsterinsights_sitenote_note":"","_monsterinsights_sitenote_category":0,"footnotes":""},"categories":[183],"tags":[],"class_list":["post-18408","post","type-post","status-publish","format-standard","has-post-thumbnail","hentry","category-internacional"],"amp_enabled":true,"_links":{"self":[{"href":"https:\/\/lahora.mx\/index.php\/wp-json\/wp\/v2\/posts\/18408","targetHints":{"allow":["GET"]}}],"collection":[{"href":"https:\/\/lahora.mx\/index.php\/wp-json\/wp\/v2\/posts"}],"about":[{"href":"https:\/\/lahora.mx\/index.php\/wp-json\/wp\/v2\/types\/post"}],"author":[{"embeddable":true,"href":"https:\/\/lahora.mx\/index.php\/wp-json\/wp\/v2\/users\/4"}],"replies":[{"embeddable":true,"href":"https:\/\/lahora.mx\/index.php\/wp-json\/wp\/v2\/comments?post=18408"}],"version-history":[{"count":1,"href":"https:\/\/lahora.mx\/index.php\/wp-json\/wp\/v2\/posts\/18408\/revisions"}],"predecessor-version":[{"id":18410,"href":"https:\/\/lahora.mx\/index.php\/wp-json\/wp\/v2\/posts\/18408\/revisions\/18410"}],"wp:featuredmedia":[{"embeddable":true,"href":"https:\/\/lahora.mx\/index.php\/wp-json\/wp\/v2\/media\/18409"}],"wp:attachment":[{"href":"https:\/\/lahora.mx\/index.php\/wp-json\/wp\/v2\/media?parent=18408"}],"wp:term":[{"taxonomy":"category","embeddable":true,"href":"https:\/\/lahora.mx\/index.php\/wp-json\/wp\/v2\/categories?post=18408"},{"taxonomy":"post_tag","embeddable":true,"href":"https:\/\/lahora.mx\/index.php\/wp-json\/wp\/v2\/tags?post=18408"}],"curies":[{"name":"wp","href":"https:\/\/api.w.org\/{rel}","templated":true}]}}