{"id":18390,"date":"2022-12-20T23:33:48","date_gmt":"2022-12-20T23:33:48","guid":{"rendered":"http:\/\/lahora.mx\/?p=18390"},"modified":"2022-12-20T23:33:49","modified_gmt":"2022-12-20T23:33:49","slug":"detienen-a-hermano-de-el-mencho","status":"publish","type":"post","link":"https:\/\/lahora.mx\/index.php\/2022\/12\/20\/detienen-a-hermano-de-el-mencho\/","title":{"rendered":"Detienen a hermano de &#8216;El Mencho&#8217;"},"content":{"rendered":"\n<p>Antonio Oseguera Cervantes, hermano de Nemesio Oseguera Cervantes, El Mencho, fue detenido hoy 20 de diciembre por elementos de la Secretar\u00eda de la Defensa Nacional en Tlajomulco de Z\u00fa\u00f1iga, Jalisco.<\/p>\n\n\n\n<p>De acuerdo con el Registro Nacional de Detenciones, Tony Montana, el hermano del l\u00edder del C\u00e1rtel Jalisco Nueva Generaci\u00f3n fue capturado a las 5:20 horas de este martes durante un operativo coordinado. El detenido se encuentra bajo custodia y en traslado tras ser capturado.<\/p>\n\n\n\n<p>Fuerzas federales obtuvieron informaci\u00f3n sobre un inmueble localizado en el municipio de Tlajomulco de Z\u00fa\u00f1iga, en el que se resguardaba Antonio Oseguera Cervantes, lugar donde realizaba sus actividades delictivas y desde el cual coordinaba las operaciones log\u00edsticas y financieras.<\/p>\n\n\n\n<p>Personal del Ej\u00e9rcito y Guardia Nacional estableci\u00f3 un per\u00edmetro de seguridad que permiti\u00f3 que elementos de la FGR cumplimentaran una orden t\u00e9cnica de investigaci\u00f3n, logrando detener en flagrancia delictiva del hermano del capo del CJNG, a quien se le aseguraron seis armas cortas, una arma larga, un paquete con coca\u00edna, dos veh\u00edculos y nueve cargadores.<\/p>\n\n\n\n<p>\u00bfCu\u00e1les eran las funciones de Antonio Oseguera Cervantes en el CJNG?<\/p>\n\n\n\n<p>Antonio Oseguera Cervantes cumpl\u00eda diversas funciones en el c\u00e1rtel encabezado por su hermano. De acuerdo con las autoridades, Tony Montana se encargaba de:<\/p>\n\n\n\n<p>Lavado de dinero del CJNG<br>Compra de armamento en grandes cantidades<br>Coordinar acciones violentas en contra de grupos antag\u00f3nicos<br>exp-player-logo<br>Es considerado por el Departamento del Tesoro de los Estados Unidos como presunto integrante del c\u00e1rtel de Jalisco y encargado de las actividades de blanqueo de capital y narcotr\u00e1fico internacional.<\/p>\n\n\n\n<p>Antonio Oseguera Cervantes ya hab\u00eda sido detenido en diciembre de 2015 en Tlajomulco de Z\u00fa\u00f1iga, Jalisco, cuando se hizo pasar por por Joel Mora Garibay para evitar su detenci\u00f3n. En 2001 cumpli\u00f3 una condena en Mississippi, Estados Unidos, por da\u00f1o en propiedad ajena.<\/p>\n\n\n\n<p>\u00bfQui\u00e9nes son los hermanos de Nemesio Oseguera Cervantes, El Mencho?<\/p>\n\n\n\n<p>Nemesio Oseguera Cervantes, El Mencho, tiene cinco hermanos, los cuales han purgado sentencias en Estados Unidos por el trasiego de drogas. Ellos son los hermano del l\u00edder del c\u00e1rtel de Jalisco:<\/p>\n\n\n\n<p>Juan Oseguera Cervantes<br>Miguel Oseguera Cervantes<br>Antonio Oseguera Cervantes<br>Mar\u00edn Oseguera Cervantes<br>Abraham Oseguera Cervantes<br>Registros de la Oficina Federal de Prisiones de Estados Unidos se\u00f1alan que Antonio Oseguera estuvo recluido en una prisi\u00f3n norteamericana hasta el 18 de julio de 2008.<\/p>\n\n\n\n<p>En tanto, Abraham fue detenido en 1994 en el estado de California por tr\u00e1fico de hero\u00edna, y tras cumplir su condena, regres\u00f3 a M\u00e9xico. En 2013 fue acusado de homicidio en Michoac\u00e1n, pero su caso prescribi\u00f3 y el expediente fue desechado.<\/p>\n\n\n\n<p>En el caso de Mar\u00edn Oseguera existen registros ante una Corte de California; sin embargo, no se tienen los o el delito por el que fue acusado ante esta Corte.<\/p>\n\n\n\n<p>Juan Oseguera Cervantes fue acusado por el delito de despojo de un inmueble en el estado de Michoac\u00e1n; durante el juicio se dictamin\u00f3 a su favor, lo que gener\u00f3 que el expediente fuera desechado por el juez.<\/p>\n","protected":false},"excerpt":{"rendered":"<p>Antonio Oseguera Cervantes, hermano de Nemesio Oseguera Cervantes, El Mencho, fue detenido hoy 20 de diciembre por elementos de la Secretar\u00eda de la Defensa Nacional en Tlajomulco de Z\u00fa\u00f1iga, Jalisco. De acuerdo con el Registro Nacional de Detenciones, Tony Montana, el hermano del l\u00edder del C\u00e1rtel Jalisco Nueva Generaci\u00f3n fue capturado a las 5:20 horas [&hellip;]<\/p>\n","protected":false},"author":4,"featured_media":18391,"comment_status":"open","ping_status":"open","sticky":false,"template":"","format":"standard","meta":{"om_disable_all_campaigns":false,"_monsterinsights_skip_tracking":false,"_monsterinsights_sitenote_active":false,"_monsterinsights_sitenote_note":"","_monsterinsights_sitenote_category":0,"footnotes":""},"categories":[176],"tags":[195,223],"class_list":["post-18390","post","type-post","status-publish","format-standard","has-post-thumbnail","hentry","category-nacional","tag-principal","tag-puebla"],"amp_enabled":true,"_links":{"self":[{"href":"https:\/\/lahora.mx\/index.php\/wp-json\/wp\/v2\/posts\/18390","targetHints":{"allow":["GET"]}}],"collection":[{"href":"https:\/\/lahora.mx\/index.php\/wp-json\/wp\/v2\/posts"}],"about":[{"href":"https:\/\/lahora.mx\/index.php\/wp-json\/wp\/v2\/types\/post"}],"author":[{"embeddable":true,"href":"https:\/\/lahora.mx\/index.php\/wp-json\/wp\/v2\/users\/4"}],"replies":[{"embeddable":true,"href":"https:\/\/lahora.mx\/index.php\/wp-json\/wp\/v2\/comments?post=18390"}],"version-history":[{"count":1,"href":"https:\/\/lahora.mx\/index.php\/wp-json\/wp\/v2\/posts\/18390\/revisions"}],"predecessor-version":[{"id":18392,"href":"https:\/\/lahora.mx\/index.php\/wp-json\/wp\/v2\/posts\/18390\/revisions\/18392"}],"wp:featuredmedia":[{"embeddable":true,"href":"https:\/\/lahora.mx\/index.php\/wp-json\/wp\/v2\/media\/18391"}],"wp:attachment":[{"href":"https:\/\/lahora.mx\/index.php\/wp-json\/wp\/v2\/media?parent=18390"}],"wp:term":[{"taxonomy":"category","embeddable":true,"href":"https:\/\/lahora.mx\/index.php\/wp-json\/wp\/v2\/categories?post=18390"},{"taxonomy":"post_tag","embeddable":true,"href":"https:\/\/lahora.mx\/index.php\/wp-json\/wp\/v2\/tags?post=18390"}],"curies":[{"name":"wp","href":"https:\/\/api.w.org\/{rel}","templated":true}]}}