{"id":18384,"date":"2022-12-20T15:32:03","date_gmt":"2022-12-20T15:32:03","guid":{"rendered":"http:\/\/lahora.mx\/?p=18384"},"modified":"2022-12-20T15:32:04","modified_gmt":"2022-12-20T15:32:04","slug":"nuevamente-es-obligatorio-el-uso-de-cubrebocas","status":"publish","type":"post","link":"https:\/\/lahora.mx\/index.php\/2022\/12\/20\/nuevamente-es-obligatorio-el-uso-de-cubrebocas\/","title":{"rendered":"Nuevamente es obligatorio el uso de cubrebocas"},"content":{"rendered":"\n<p>Este a\u00f1o, pese a la vacunaci\u00f3n, se han registrado m\u00e1s de 20,000 defunciones a causa del coronavirus, seg\u00fan datos de la Secretar\u00eda de Salud federal.<\/p>\n\n\n\n<p>Estamos viendo a nivel nacional tasas de positividad muy cercanas a 40%, que son muy similares al pico de la segunda ola de contagios (a finales del 2020 e inicios del 2021) y la OMS (Organizaci\u00f3n Mundial de la Salud) recomienda que los pa\u00edses mantengan tasas de positividad menores a 5% y cuando se supera el 10% ya es de cuidado\u201d.<\/p>\n\n\n\n<p>Jorge Baruch, jefe de la cl\u00ednica del viajero de la UNAM.<\/p>\n\n\n\n<p>La sexta ola de Covid-19 en M\u00e9xico ha provocado obligar nuevamente a la poblaci\u00f3n a usar el cubrebocas en Nuevo Le\u00f3n, Tamaulipas y Puebla; en el Estado de M\u00e9xico y San Luis Potos\u00ed solamente se recomienda su uso.<\/p>\n\n\n\n<p>\u201cYo creo que ya, tres a\u00f1os, no tenemos que estar esperando a que nos obliguen a nada, \u00bfno? Digo, ya debimos haber aprendido. Si hay todav\u00eda gente esperando a que la obligue el gobierno pues yo no s\u00e9; no van a aprender nunca. Es una cosa que ya debimos haber adquirido en nuestra cultura m\u00e9dica\u201d, responde el infect\u00f3logo Alejandro Mac\u00edas a pregunta espec\u00edfica sobre dicha obligatoriedad vigente otra vez en algunos estados del pa\u00eds.<\/p>\n\n\n\n<p>Para el epidemi\u00f3logo Jorge Baruch, jefe de la Cl\u00ednica del Viajero de la Universidad Nacional Aut\u00f3noma de M\u00e9xico (UNAM), falta que la Ciudad de M\u00e9xico se sume a los esfuerzos de hacer un llamado a la poblaci\u00f3n m\u00e1s en\u00e9rgico de usar cubrebocas estrictamente en el transporte p\u00fablico, plazas comerciales y espacios cerrados o poco ventilados.<\/p>\n\n\n\n<p>Dijo esperar \u201cque esta semana se incremente la percepci\u00f3n del riesgo\u201d a trav\u00e9s de mensajes como parte de estrategias de comunicaci\u00f3n.<\/p>\n\n\n\n<p>Y advierte: \u201cYa estamos viendo a nivel nacional tasas de positividad muy cercanas a 40%, que son muy similares al pico de la segunda ola de contagios (a finales del 2020 e inicios del 2021) y la OMS (Organizaci\u00f3n Mundial de la Salud) recomienda que los pa\u00edses mantengan tasas de positividad menores a 5% y cuando se supera el 10% ya es de cuidado (\u2026) Estamos cuatro veces arriba de lo recomendado como estado de afectaci\u00f3n a la salud\u201d.<\/p>\n\n\n\n<p>La medida que m\u00e1s impacto ha tenido en todas las olas de Covid-19 entre los mexicanos, dice, es el uso del cubrebocas.<\/p>\n\n\n\n<p>La disminuci\u00f3n en la movilidad tambi\u00e9n es una medida que impacta significativamente en la baja de los contagios en el corto plazo, explica, y otra que es poco probable que a nivel mundial y en M\u00e9xico se adopte de manera estricta es evitar las reuniones entre personas que no conviven en la misma residencia habitual.<\/p>\n\n\n\n<p>Esquemas de vacunaci\u00f3n<br>Ambos especialistas en salud, coinciden en que completar los esquemas de vacunaci\u00f3n antiCovid en la poblaci\u00f3n de m\u00e1s de 60 a\u00f1os y ni\u00f1os es clave para aminorar el riesgo de enfermedad grave y muerte.<\/p>\n\n\n\n<p>\u201cLo ideal es que la gente que tenga alto riesgo de complicarse tenga al menos un refuerzo de la vacunaci\u00f3n en los \u00faltimos seis meses. Estoy hablando de las personas mayores de 60 a\u00f1os de edad y la gente cr\u00f3nicamente enferma\u201d, precisa Mac\u00edas.<\/p>\n\n\n\n<p>Baruch considera \u201csumamente importante sobre todo acelerar la vacunaci\u00f3n en los ni\u00f1os menores de nueve a\u00f1os porque eso confiere una protecci\u00f3n para disminuir el riesgo de complicaciones e incluso de muertes por Covid-19.<\/p>\n\n\n\n<p>\u201cM\u00e9xico tiene actualmente una poblaci\u00f3n completamente vacunada de alrededor de 65%, lo que quiere decir que alrededor de tres de cada 10 mexicanos no est\u00e1n por completo vacunados; una cifra importante y eso habla de la necesidad de acelerar los esfuerzos de convocar a la poblaci\u00f3n sobre todo pedi\u00e1trica a completar sus esquemas\u201d.<\/p>\n\n\n\n<p>La poblaci\u00f3n de mayor riesgo, detalla, es la que no est\u00e1 vacunada y se concentra en ni\u00f1os.<\/p>\n\n\n\n<p>\u201cLos que ya est\u00e1n vacunados mantienen cierta protecci\u00f3n contra complicaciones o formas graves de Covid que pudieran llevar a la muerte u hospitalizaci\u00f3n por cuadro severo de neumon\u00eda\u201d.<\/p>\n\n\n\n<p>De ah\u00ed que recomienda \u201creforzar el mensaje de vacunaci\u00f3n sobre refuerzos en mayores de 50 a\u00f1os y de la importancia de seguir vacunando a los ni\u00f1os\u201d.<\/p>\n\n\n\n<p>Sexta ola<br>Sobre la sexta ola, Mac\u00edas precisa que \u201cno es una sorpresa\u201d puesto que \u201cya se hab\u00eda anticipado que en la medida que fueran cambiando las variantes iba a entrar un pico casi seguramente con la entrada del fr\u00edo\u201d.<\/p>\n\n\n\n<p>Lo que ha complicado un poco m\u00e1s las cosas, agrega, es que est\u00e1 ahora cocirculando con mayor intensidad que en ocasiones anteriores con la influenza y con el virus sincitial respiratorio (VSR) de los ni\u00f1os, y eso es lo que ha hecho las cosas un poco m\u00e1s dif\u00edciles.<\/p>\n\n\n\n<p>Va de nuevo<br>Desde el pasado d\u00eda 12, el gobierno de Nuevo Le\u00f3n decret\u00f3 nuevamente el uso obligatorio de cubrebocas en espacios cerrados para prevenir una situaci\u00f3n cr\u00edtica en el contagio de Covid-19, influenza y otras enfermedades respiratorias.<\/p>\n\n\n\n<p>El pasado viernes se sum\u00f3 Tamaulipas a obligar a la poblaci\u00f3n a adoptar otra vez medidas preventivas (uso de cubrebocas, lavado de manos, aislamiento oportuno de casos sospechosos) en hospitales, centros educativos, centros de asistencia social, guarder\u00edas, consultorios m\u00e9dicos y espacios cerrados.<\/p>\n\n\n\n<p>Desde ayer 19 de diciembre, en Puebla tambi\u00e9n es obligatorio usar cubrebocas tanto en espacios cerrados como en abiertos donde haya aglomeraciones.<\/p>\n\n\n\n<p>Tambi\u00e9n desde el d\u00eda 12 de diciembre la Secretar\u00eda de Salud del Estado de M\u00e9xico pidi\u00f3 a los pobladores que en esta temporada invernal de ser posible eviten reuniones sociales y recomend\u00f3 volver a mantener sana distancia, no compartir utensilios personales y considerar el uso del cubrebocas en espacios cerrados y con poca ventilaci\u00f3n.<\/p>\n","protected":false},"excerpt":{"rendered":"<p>Este a\u00f1o, pese a la vacunaci\u00f3n, se han registrado m\u00e1s de 20,000 defunciones a causa del coronavirus, seg\u00fan datos de la Secretar\u00eda de Salud federal. Estamos viendo a nivel nacional tasas de positividad muy cercanas a 40%, que son muy similares al pico de la segunda ola de contagios (a finales del 2020 e inicios [&hellip;]<\/p>\n","protected":false},"author":4,"featured_media":18385,"comment_status":"open","ping_status":"open","sticky":false,"template":"","format":"standard","meta":{"om_disable_all_campaigns":false,"_monsterinsights_skip_tracking":false,"_monsterinsights_sitenote_active":false,"_monsterinsights_sitenote_note":"","_monsterinsights_sitenote_category":0,"footnotes":""},"categories":[176],"tags":[195],"class_list":["post-18384","post","type-post","status-publish","format-standard","has-post-thumbnail","hentry","category-nacional","tag-principal"],"amp_enabled":true,"_links":{"self":[{"href":"https:\/\/lahora.mx\/index.php\/wp-json\/wp\/v2\/posts\/18384","targetHints":{"allow":["GET"]}}],"collection":[{"href":"https:\/\/lahora.mx\/index.php\/wp-json\/wp\/v2\/posts"}],"about":[{"href":"https:\/\/lahora.mx\/index.php\/wp-json\/wp\/v2\/types\/post"}],"author":[{"embeddable":true,"href":"https:\/\/lahora.mx\/index.php\/wp-json\/wp\/v2\/users\/4"}],"replies":[{"embeddable":true,"href":"https:\/\/lahora.mx\/index.php\/wp-json\/wp\/v2\/comments?post=18384"}],"version-history":[{"count":1,"href":"https:\/\/lahora.mx\/index.php\/wp-json\/wp\/v2\/posts\/18384\/revisions"}],"predecessor-version":[{"id":18386,"href":"https:\/\/lahora.mx\/index.php\/wp-json\/wp\/v2\/posts\/18384\/revisions\/18386"}],"wp:featuredmedia":[{"embeddable":true,"href":"https:\/\/lahora.mx\/index.php\/wp-json\/wp\/v2\/media\/18385"}],"wp:attachment":[{"href":"https:\/\/lahora.mx\/index.php\/wp-json\/wp\/v2\/media?parent=18384"}],"wp:term":[{"taxonomy":"category","embeddable":true,"href":"https:\/\/lahora.mx\/index.php\/wp-json\/wp\/v2\/categories?post=18384"},{"taxonomy":"post_tag","embeddable":true,"href":"https:\/\/lahora.mx\/index.php\/wp-json\/wp\/v2\/tags?post=18384"}],"curies":[{"name":"wp","href":"https:\/\/api.w.org\/{rel}","templated":true}]}}