{"id":18381,"date":"2022-12-20T15:21:51","date_gmt":"2022-12-20T15:21:51","guid":{"rendered":"http:\/\/lahora.mx\/?p=18381"},"modified":"2022-12-20T15:21:51","modified_gmt":"2022-12-20T15:21:51","slug":"pobreza-migracion-y-medio-ambiente-temas-primordiales-en-la-x-cumbre-de-lideres-del-norte","status":"publish","type":"post","link":"https:\/\/lahora.mx\/index.php\/2022\/12\/20\/pobreza-migracion-y-medio-ambiente-temas-primordiales-en-la-x-cumbre-de-lideres-del-norte\/","title":{"rendered":"Pobreza, migraci\u00f3n y medio ambiente, temas primordiales en la X Cumbre de L\u00edderes del Norte"},"content":{"rendered":"\n<p>El secretario de Relaciones Exteriores, Marcelo Ebrard, present\u00f3 la propuesta de agenda para la X Cumbre de L\u00edderes de Am\u00e9rica de Norte para el 9,10 y 11 de enero.<\/p>\n\n\n\n<p>En conferencia de prensa matutina explic\u00f3 que el presidente de Estado Unidos, Joe Biden llegar\u00e1 el 9 de enero a la Ciudad de M\u00e9xico, mientras que el 10 de enero tendr\u00e1 lugar la reuni\u00f3n con su hom\u00f3logo mexicano, Andr\u00e9s Manuel L\u00f3pez Obrador en Palacio Nacional, en donde tambi\u00e9n participar\u00e1 el primer ministro de Canad\u00e1, Justin Trudeau.<\/p>\n\n\n\n<p>El canciller precis\u00f3 que en esta reuni\u00f3n trilateral M\u00e9xico-EU-Canad\u00e1 se buscar\u00e1 hacer frente a la pobreza y desigualdad, por lo que se alista la propuesta de una Alianza para la Prosperidad de los Pueblos de las Am\u00e9ricas y mantener a Am\u00e9rica del Norte como la principal potencia a nivel global.<\/p>\n\n\n\n<p>Ebrard agreg\u00f3 que en la cumbre tambi\u00e9n se incluir\u00e1n temas como la diversidad, equidad e inclusi\u00f3n, cambio clim\u00e1tico, competitividad, migraci\u00f3n y desarrollo, salud, seguridad e integraci\u00f3n regional.<\/p>\n\n\n\n<p>Por su parte, el presidente L\u00f3pez Obrador adelant\u00f3 que en la reuni\u00f3n bilateral que tendr\u00e1 con Joe Biden tambi\u00e9n se abordar\u00e1 el Plan Sonora y explic\u00f3 que este \u00faltimo consiste en \u00abaprovechar todo el potencial que tiene Sonora y su situaci\u00f3n fronteriza con Estados Unidos\u201d.<\/p>\n","protected":false},"excerpt":{"rendered":"<p>El secretario de Relaciones Exteriores, Marcelo Ebrard, present\u00f3 la propuesta de agenda para la X Cumbre de L\u00edderes de Am\u00e9rica de Norte para el 9,10 y 11 de enero. En conferencia de prensa matutina explic\u00f3 que el presidente de Estado Unidos, Joe Biden llegar\u00e1 el 9 de enero a la Ciudad de M\u00e9xico, mientras que [&hellip;]<\/p>\n","protected":false},"author":4,"featured_media":18382,"comment_status":"open","ping_status":"open","sticky":false,"template":"","format":"standard","meta":{"om_disable_all_campaigns":false,"_monsterinsights_skip_tracking":false,"_monsterinsights_sitenote_active":false,"_monsterinsights_sitenote_note":"","_monsterinsights_sitenote_category":0,"footnotes":""},"categories":[176],"tags":[],"class_list":["post-18381","post","type-post","status-publish","format-standard","has-post-thumbnail","hentry","category-nacional"],"amp_enabled":true,"_links":{"self":[{"href":"https:\/\/lahora.mx\/index.php\/wp-json\/wp\/v2\/posts\/18381","targetHints":{"allow":["GET"]}}],"collection":[{"href":"https:\/\/lahora.mx\/index.php\/wp-json\/wp\/v2\/posts"}],"about":[{"href":"https:\/\/lahora.mx\/index.php\/wp-json\/wp\/v2\/types\/post"}],"author":[{"embeddable":true,"href":"https:\/\/lahora.mx\/index.php\/wp-json\/wp\/v2\/users\/4"}],"replies":[{"embeddable":true,"href":"https:\/\/lahora.mx\/index.php\/wp-json\/wp\/v2\/comments?post=18381"}],"version-history":[{"count":1,"href":"https:\/\/lahora.mx\/index.php\/wp-json\/wp\/v2\/posts\/18381\/revisions"}],"predecessor-version":[{"id":18383,"href":"https:\/\/lahora.mx\/index.php\/wp-json\/wp\/v2\/posts\/18381\/revisions\/18383"}],"wp:featuredmedia":[{"embeddable":true,"href":"https:\/\/lahora.mx\/index.php\/wp-json\/wp\/v2\/media\/18382"}],"wp:attachment":[{"href":"https:\/\/lahora.mx\/index.php\/wp-json\/wp\/v2\/media?parent=18381"}],"wp:term":[{"taxonomy":"category","embeddable":true,"href":"https:\/\/lahora.mx\/index.php\/wp-json\/wp\/v2\/categories?post=18381"},{"taxonomy":"post_tag","embeddable":true,"href":"https:\/\/lahora.mx\/index.php\/wp-json\/wp\/v2\/tags?post=18381"}],"curies":[{"name":"wp","href":"https:\/\/api.w.org\/{rel}","templated":true}]}}