{"id":18340,"date":"2022-12-19T23:15:37","date_gmt":"2022-12-19T23:15:37","guid":{"rendered":"http:\/\/lahora.mx\/?p=18340"},"modified":"2022-12-19T23:15:38","modified_gmt":"2022-12-19T23:15:38","slug":"la-gobernadora-lorena-cuellar-mantiene-su-aprobacion-ciudadana","status":"publish","type":"post","link":"https:\/\/lahora.mx\/index.php\/2022\/12\/19\/la-gobernadora-lorena-cuellar-mantiene-su-aprobacion-ciudadana\/","title":{"rendered":"La gobernadora Lorena Cu\u00e9llar mantiene su aprobaci\u00f3n ciudadana"},"content":{"rendered":"\n<p>A m\u00e1s de un a\u00f1o de haber iniciado su administraci\u00f3n, la gobernadora Lorena Cu\u00e9llar Cisneros conserva la aprobaci\u00f3n de la ciudadan\u00eda, y su trabajo tiene una evaluaci\u00f3n favorable.<\/p>\n\n\n\n<p>[Actualizaci\u00f3n] De Reed Latino Awars 2022, tiene Tlaxcala la mejor imagen gubernamental<br>De acuerdo con la casa encuestadora Mitofsky, durante noviembre pasado la gobernadora Lorena Cu\u00e9llar Cisneros nuevamente se coloc\u00f3 dentro de los 10 mejores gobernadores de M\u00e9xico, con un nivel de aprobaci\u00f3n del 57.3 %.<\/p>\n\n\n\n<p>Con el programa \u201cEl presidente en tu comunidad\u201d, acerca alcalde apoyos a poblados de Apetatitl\u00e1n<br>Seg\u00fan la \u201cEvaluaci\u00f3n de la aprobaci\u00f3n de autoridades\u201d, desde 2021 las acciones de Cu\u00e9llar Cisneros son calificadas positivamente por la ciudadan\u00eda, y actualmente ocupa el sexto lugar en el pa\u00eds. Adem\u00e1s, es la mujer mandataria con mayor aceptaci\u00f3n en M\u00e9xico.<\/p>\n\n\n\n<p>La misma encuesta se\u00f1ala que el presidente de la Rep\u00fablica, Andr\u00e9s Manuel L\u00f3pez Obrador, elev\u00f3 su aprobaci\u00f3n entre los tlaxcaltecas, al pasar del 69.6 al 71.4 %.<\/p>\n\n\n\n<p>Eso significa que el jefe del Ejecutivo federal alcanz\u00f3 un cuarto incremento consecutivo de aceptaci\u00f3n en la entidad, incluso arriba de su promedio nacional del 60 %, pues en agosto fue del 64.9 %, en septiembre del 65.6 %, en octubre 69.6 % y en noviembre 71.4 %.<\/p>\n","protected":false},"excerpt":{"rendered":"<p>A m\u00e1s de un a\u00f1o de haber iniciado su administraci\u00f3n, la gobernadora Lorena Cu\u00e9llar Cisneros conserva la aprobaci\u00f3n de la ciudadan\u00eda, y su trabajo tiene una evaluaci\u00f3n favorable. [Actualizaci\u00f3n] De Reed Latino Awars 2022, tiene Tlaxcala la mejor imagen gubernamentalDe acuerdo con la casa encuestadora Mitofsky, durante noviembre pasado la gobernadora Lorena Cu\u00e9llar Cisneros nuevamente [&hellip;]<\/p>\n","protected":false},"author":4,"featured_media":18341,"comment_status":"open","ping_status":"open","sticky":false,"template":"","format":"standard","meta":{"om_disable_all_campaigns":false,"_monsterinsights_skip_tracking":false,"_monsterinsights_sitenote_active":false,"_monsterinsights_sitenote_note":"","_monsterinsights_sitenote_category":0,"footnotes":""},"categories":[175],"tags":[223,210],"class_list":["post-18340","post","type-post","status-publish","format-standard","has-post-thumbnail","hentry","category-local","tag-puebla","tag-tlaxcala"],"amp_enabled":true,"_links":{"self":[{"href":"https:\/\/lahora.mx\/index.php\/wp-json\/wp\/v2\/posts\/18340","targetHints":{"allow":["GET"]}}],"collection":[{"href":"https:\/\/lahora.mx\/index.php\/wp-json\/wp\/v2\/posts"}],"about":[{"href":"https:\/\/lahora.mx\/index.php\/wp-json\/wp\/v2\/types\/post"}],"author":[{"embeddable":true,"href":"https:\/\/lahora.mx\/index.php\/wp-json\/wp\/v2\/users\/4"}],"replies":[{"embeddable":true,"href":"https:\/\/lahora.mx\/index.php\/wp-json\/wp\/v2\/comments?post=18340"}],"version-history":[{"count":1,"href":"https:\/\/lahora.mx\/index.php\/wp-json\/wp\/v2\/posts\/18340\/revisions"}],"predecessor-version":[{"id":18342,"href":"https:\/\/lahora.mx\/index.php\/wp-json\/wp\/v2\/posts\/18340\/revisions\/18342"}],"wp:featuredmedia":[{"embeddable":true,"href":"https:\/\/lahora.mx\/index.php\/wp-json\/wp\/v2\/media\/18341"}],"wp:attachment":[{"href":"https:\/\/lahora.mx\/index.php\/wp-json\/wp\/v2\/media?parent=18340"}],"wp:term":[{"taxonomy":"category","embeddable":true,"href":"https:\/\/lahora.mx\/index.php\/wp-json\/wp\/v2\/categories?post=18340"},{"taxonomy":"post_tag","embeddable":true,"href":"https:\/\/lahora.mx\/index.php\/wp-json\/wp\/v2\/tags?post=18340"}],"curies":[{"name":"wp","href":"https:\/\/api.w.org\/{rel}","templated":true}]}}