{"id":18333,"date":"2022-12-19T23:00:39","date_gmt":"2022-12-19T23:00:39","guid":{"rendered":"http:\/\/lahora.mx\/?p=18333"},"modified":"2022-12-19T23:00:40","modified_gmt":"2022-12-19T23:00:40","slug":"lalo-rivera-y-el-gobernador-sergio-salomon-se-reunen","status":"publish","type":"post","link":"https:\/\/lahora.mx\/index.php\/2022\/12\/19\/lalo-rivera-y-el-gobernador-sergio-salomon-se-reunen\/","title":{"rendered":"Lalo Rivera y el gobernador Sergio Salom\u00f3n se re\u00fanen"},"content":{"rendered":"\n<p>El gobernador, Sergio Salom\u00f3n C\u00e9spedes y el alcalde, Eduardo Rivera P\u00e9rez sostuvieron su primera reuni\u00f3n, en la cual expresaron que trabajar\u00e1n de forma coordinada.<\/p>\n\n\n\n<p>El alcalde de Puebla mencion\u00f3 en su ma\u00f1anera que iba a tener una reuni\u00f3n con el nuevo gobernador.<\/p>\n\n\n\n<p>Asimismo, explic\u00f3 que esta reuni\u00f3n era para expresar la coordinaci\u00f3n del Ayuntamiento de Puebla hacia el estado con el objetivo de dar continuidad a los trabajos de Miguel Barbosa, ex gobernador de Puebla.<\/p>\n\n\n\n<p>Por su parte, Sergio Salom\u00f3n C\u00e9spedes anunci\u00f3 que ya hab\u00eda platicado con Eduardo Rivera con quien acord\u00f3 seguir trabajando en materia de seguridad y bienestar para los poblanos.<\/p>\n","protected":false},"excerpt":{"rendered":"<p>El gobernador, Sergio Salom\u00f3n C\u00e9spedes y el alcalde, Eduardo Rivera P\u00e9rez sostuvieron su primera reuni\u00f3n, en la cual expresaron que trabajar\u00e1n de forma coordinada. El alcalde de Puebla mencion\u00f3 en su ma\u00f1anera que iba a tener una reuni\u00f3n con el nuevo gobernador. Asimismo, explic\u00f3 que esta reuni\u00f3n era para expresar la coordinaci\u00f3n del Ayuntamiento de [&hellip;]<\/p>\n","protected":false},"author":4,"featured_media":18334,"comment_status":"open","ping_status":"open","sticky":false,"template":"","format":"standard","meta":{"om_disable_all_campaigns":false,"_monsterinsights_skip_tracking":false,"_monsterinsights_sitenote_active":false,"_monsterinsights_sitenote_note":"","_monsterinsights_sitenote_category":0,"footnotes":""},"categories":[175,5],"tags":[223],"class_list":["post-18333","post","type-post","status-publish","format-standard","has-post-thumbnail","hentry","category-local","category-politica","tag-puebla"],"amp_enabled":true,"_links":{"self":[{"href":"https:\/\/lahora.mx\/index.php\/wp-json\/wp\/v2\/posts\/18333","targetHints":{"allow":["GET"]}}],"collection":[{"href":"https:\/\/lahora.mx\/index.php\/wp-json\/wp\/v2\/posts"}],"about":[{"href":"https:\/\/lahora.mx\/index.php\/wp-json\/wp\/v2\/types\/post"}],"author":[{"embeddable":true,"href":"https:\/\/lahora.mx\/index.php\/wp-json\/wp\/v2\/users\/4"}],"replies":[{"embeddable":true,"href":"https:\/\/lahora.mx\/index.php\/wp-json\/wp\/v2\/comments?post=18333"}],"version-history":[{"count":1,"href":"https:\/\/lahora.mx\/index.php\/wp-json\/wp\/v2\/posts\/18333\/revisions"}],"predecessor-version":[{"id":18335,"href":"https:\/\/lahora.mx\/index.php\/wp-json\/wp\/v2\/posts\/18333\/revisions\/18335"}],"wp:featuredmedia":[{"embeddable":true,"href":"https:\/\/lahora.mx\/index.php\/wp-json\/wp\/v2\/media\/18334"}],"wp:attachment":[{"href":"https:\/\/lahora.mx\/index.php\/wp-json\/wp\/v2\/media?parent=18333"}],"wp:term":[{"taxonomy":"category","embeddable":true,"href":"https:\/\/lahora.mx\/index.php\/wp-json\/wp\/v2\/categories?post=18333"},{"taxonomy":"post_tag","embeddable":true,"href":"https:\/\/lahora.mx\/index.php\/wp-json\/wp\/v2\/tags?post=18333"}],"curies":[{"name":"wp","href":"https:\/\/api.w.org\/{rel}","templated":true}]}}