{"id":18330,"date":"2022-12-19T22:54:57","date_gmt":"2022-12-19T22:54:57","guid":{"rendered":"http:\/\/lahora.mx\/?p=18330"},"modified":"2022-12-19T22:54:57","modified_gmt":"2022-12-19T22:54:57","slug":"vuelve-a-ser-obligatorio-el-uso-del-cubrebocas-en-baja-california-sur","status":"publish","type":"post","link":"https:\/\/lahora.mx\/index.php\/2022\/12\/19\/vuelve-a-ser-obligatorio-el-uso-del-cubrebocas-en-baja-california-sur\/","title":{"rendered":"Vuelve a ser obligatorio el uso del cubrebocas en Baja California Sur"},"content":{"rendered":"\n<p>Autoridades de Salud del estado de Baja California Sur acordaron hacer obligatorio nuevamente el uso del cubrebocas en espacios cerrados y transporte p\u00fablico.<\/p>\n\n\n\n<p>El Comit\u00e9 de Seguridad en Salud del estado tom\u00f3 esta medida y algunas otras ante el aumento de casos de covid-19 e infecciones respiratorias en la entidad.<\/p>\n\n\n\n<p>Derivado del incremento de las infecciones respiratorias agudas en Baja California Sur, este Comit\u00e9 acuerda por mayor\u00eda el uso obligatorio del cubrebocas en espacios cerrados y transporte p\u00fablico, asimismo se ratifica la obligatoriedad en unidades m\u00e9dicas\u201d, se\u00f1al\u00f3 la secretaria de Salud, Zazil Flores.<\/p>\n\n\n\n<p>Detall\u00f3 que actualmente hay 131 casos de covid-19 activos en el estado, de los cuales seis corresponden a menores de edad. Asimismo hay ocho personas hospitalizadas debido al covid-19.<\/p>\n\n\n\n<p>En el mes de diciembre se registra una defunci\u00f3n por covid-19 en Baja California Sur y ocurri\u00f3 en el municipio de La Paz.<\/p>\n","protected":false},"excerpt":{"rendered":"<p>Autoridades de Salud del estado de Baja California Sur acordaron hacer obligatorio nuevamente el uso del cubrebocas en espacios cerrados y transporte p\u00fablico. El Comit\u00e9 de Seguridad en Salud del estado tom\u00f3 esta medida y algunas otras ante el aumento de casos de covid-19 e infecciones respiratorias en la entidad. Derivado del incremento de las [&hellip;]<\/p>\n","protected":false},"author":4,"featured_media":18331,"comment_status":"open","ping_status":"open","sticky":false,"template":"","format":"standard","meta":{"om_disable_all_campaigns":false,"_monsterinsights_skip_tracking":false,"_monsterinsights_sitenote_active":false,"_monsterinsights_sitenote_note":"","_monsterinsights_sitenote_category":0,"footnotes":""},"categories":[176],"tags":[],"class_list":["post-18330","post","type-post","status-publish","format-standard","has-post-thumbnail","hentry","category-nacional"],"amp_enabled":true,"_links":{"self":[{"href":"https:\/\/lahora.mx\/index.php\/wp-json\/wp\/v2\/posts\/18330","targetHints":{"allow":["GET"]}}],"collection":[{"href":"https:\/\/lahora.mx\/index.php\/wp-json\/wp\/v2\/posts"}],"about":[{"href":"https:\/\/lahora.mx\/index.php\/wp-json\/wp\/v2\/types\/post"}],"author":[{"embeddable":true,"href":"https:\/\/lahora.mx\/index.php\/wp-json\/wp\/v2\/users\/4"}],"replies":[{"embeddable":true,"href":"https:\/\/lahora.mx\/index.php\/wp-json\/wp\/v2\/comments?post=18330"}],"version-history":[{"count":1,"href":"https:\/\/lahora.mx\/index.php\/wp-json\/wp\/v2\/posts\/18330\/revisions"}],"predecessor-version":[{"id":18332,"href":"https:\/\/lahora.mx\/index.php\/wp-json\/wp\/v2\/posts\/18330\/revisions\/18332"}],"wp:featuredmedia":[{"embeddable":true,"href":"https:\/\/lahora.mx\/index.php\/wp-json\/wp\/v2\/media\/18331"}],"wp:attachment":[{"href":"https:\/\/lahora.mx\/index.php\/wp-json\/wp\/v2\/media?parent=18330"}],"wp:term":[{"taxonomy":"category","embeddable":true,"href":"https:\/\/lahora.mx\/index.php\/wp-json\/wp\/v2\/categories?post=18330"},{"taxonomy":"post_tag","embeddable":true,"href":"https:\/\/lahora.mx\/index.php\/wp-json\/wp\/v2\/tags?post=18330"}],"curies":[{"name":"wp","href":"https:\/\/api.w.org\/{rel}","templated":true}]}}